{"id":992,"date":"2025-12-02T00:24:40","date_gmt":"2025-12-01T21:24:40","guid":{"rendered":"https:\/\/diplomatica.tr\/?p=992"},"modified":"2025-12-02T00:24:46","modified_gmt":"2025-12-01T21:24:46","slug":"derbide-kazanan-cikmadi","status":"publish","type":"post","link":"https:\/\/diplomatica.tr\/?p=992","title":{"rendered":"Derbide Kazanan \u00c7\u0131kmad\u0131"},"content":{"rendered":"\n<p> Fenerbah\u00e7e&#8217;nin Galatasaray&#8217;\u0131 evinde a\u011f\u0131rlad\u0131\u011f\u0131 sezonun en \u00e7ok beklenen m\u00fccadelesinde taraflar 1 puanla yetindiler.<\/p>\n\n\n\n<p>Ma\u00e7a h\u0131zl\u0131 ba\u015flayan ve ilk yar\u0131da kontrol\u00fc elinde bulunduran konuk Galatasaray, 27. dakikada Leroy San\u00e9\u2019nin \u015futu&#8217;nun Oosterwolde&#8217;yi \u00e7arpmas\u0131 ve kaleci Ederson&#8217;un kontrpiyede kalmas\u0131 sonucu 1-0 \u00f6ne ge\u00e7ti.<\/p>\n\n\n\n<p>Ma\u00e7\u0131n ikinci yar\u0131s\u0131nda da ev sahibi g\u00f6r\u00fcn\u00fcm\u00fcnden uzak bir profil \u00e7izen sar\u0131-lacivertlilere hayat \u00f6p\u00fcc\u00fc\u011f\u00fcn\u00fc bu senedeki derbilerin son dakika golc\u00fcs\u00fc Jhon Duran verdi. Att\u0131\u011f\u0131 kafa gol\u00fcyle adeta Fenerbah\u00e7e&#8217;yi ipten alarak puan durumunda fark\u0131n 4&#8217;e \u00e7\u0131kmas\u0131na engel oldu.<\/p>\n\n\n\n<p><strong>ROLLER DE\u011e\u0130\u015eT\u0130<\/strong><\/p>\n\n\n\n<p>Bug\u00fcn derbide Fenerbah\u00e7e&#8217;nin i\u00e7 saha avantaj\u0131n\u0131 kullanamamas\u0131 ve Galatasaray&#8217;\u0131n eksiklerine olmas\u0131na ra\u011fmen daha derli toplu oynamas\u0131 sanki derbide ev sahibinin Fenerbah\u00e7e de\u011fil de Galatasaray&#8217;m\u0131\u015f gibi g\u00f6z\u00fckmesine yol a\u00e7t\u0131.<\/p>\n\n\n\n<p><strong>OKAN BURUK&#8217;U SON DAK\u0130KA DE\u011e\u0130\u015e\u0130KL\u0130KLER\u0130 YAKTI<\/strong><\/p>\n\n\n\n<p>Okan Buruk&#8217;un son dakikalarda Osimhen&#8217;i ma\u00e7tan \u00e7\u0131karmas\u0131 ve ard\u0131ndan  Icardi ve Arda \u00dcnyay isimlerini sahaya s\u00fcrmesiyle Fenerbah\u00e7e&#8217;ye adeta 1 puan\u0131 hediye etti.<\/p>\n\n\n\n<p><strong>FENER&#8217;E AC\u0130L SANTRAFOR<\/strong><\/p>\n\n\n\n<p>Bug\u00fcn ma\u00e7\u0131 izleyen herkes En-Nesyri&#8217;nin bug\u00fcn Fenerbah\u00e7e formas\u0131yla son derbisi olmas\u0131 gerekti\u011fine hemfikirdir. Oyuna hi\u00e7bir katk\u0131s\u0131 olmad\u0131\u011f\u0131 gibi tak\u0131m\u0131 10 ki\u015fi oynatmas\u0131yla Fenerbah\u00e7e&#8217;nin Ocak transfer d\u00f6neminde santrafor transferi yapmas\u0131 elzem olmu\u015ftur.<\/p>\n\n\n\n<p><strong>Z\u0130RVEDE YARI\u015e KIZI\u015eTI!<\/strong><\/p>\n\n\n\n<p>14. haftan\u0131n sonunda Galatasaray ve Fenerbah\u00e7e&#8217;nin puan kaybetmesi itibariyle Trabzonspor tekrardan yar\u0131\u015fa dahil oldu!<\/p>\n\n\n\n<figure class=\"wp-block-image size-large\"><img loading=\"lazy\" decoding=\"async\" width=\"1024\" height=\"425\" src=\"https:\/\/diplomatica.tr\/wp-content\/uploads\/2025\/12\/G7GzGhdX0AASW_0-1024x425.jpg\" alt=\"\" class=\"wp-image-998\" srcset=\"https:\/\/diplomatica.tr\/wp-content\/uploads\/2025\/12\/G7GzGhdX0AASW_0-1024x425.jpg 1024w, https:\/\/diplomatica.tr\/wp-content\/uploads\/2025\/12\/G7GzGhdX0AASW_0-300x125.jpg 300w, https:\/\/diplomatica.tr\/wp-content\/uploads\/2025\/12\/G7GzGhdX0AASW_0-768x319.jpg 768w, https:\/\/diplomatica.tr\/wp-content\/uploads\/2025\/12\/G7GzGhdX0AASW_0.jpg 1289w\" sizes=\"auto, (max-width: 1024px) 100vw, 1024px\" \/><\/figure>\n","protected":false},"excerpt":{"rendered":"<p>Fenerbah\u00e7e&#8217;nin Galatasaray&#8217;\u0131 evinde a\u011f\u0131rlad\u0131\u011f\u0131 sezonun en \u00e7ok beklenen m\u00fccadelesinde taraflar 1 puanla yetindiler. Ma\u00e7a h\u0131zl\u0131 ba\u015flayan ve ilk<\/p>\n","protected":false},"author":1,"featured_media":994,"comment_status":"open","ping_status":"open","sticky":false,"template":"","format":"standard","meta":{"footnotes":""},"categories":[8],"tags":[208,301,201,128],"class_list":["post-992","post","type-post","status-publish","format-standard","has-post-thumbnail","hentry","category-spor","tag-derbi","tag-derby","tag-fenerbahce-2","tag-galatasaray"],"_links":{"self":[{"href":"https:\/\/diplomatica.tr\/index.php?rest_route=\/wp\/v2\/posts\/992","targetHints":{"allow":["GET"]}}],"collection":[{"href":"https:\/\/diplomatica.tr\/index.php?rest_route=\/wp\/v2\/posts"}],"about":[{"href":"https:\/\/diplomatica.tr\/index.php?rest_route=\/wp\/v2\/types\/post"}],"author":[{"embeddable":true,"href":"https:\/\/diplomatica.tr\/index.php?rest_route=\/wp\/v2\/users\/1"}],"replies":[{"embeddable":true,"href":"https:\/\/diplomatica.tr\/index.php?rest_route=%2Fwp%2Fv2%2Fcomments&post=992"}],"version-history":[{"count":1,"href":"https:\/\/diplomatica.tr\/index.php?rest_route=\/wp\/v2\/posts\/992\/revisions"}],"predecessor-version":[{"id":999,"href":"https:\/\/diplomatica.tr\/index.php?rest_route=\/wp\/v2\/posts\/992\/revisions\/999"}],"wp:featuredmedia":[{"embeddable":true,"href":"https:\/\/diplomatica.tr\/index.php?rest_route=\/wp\/v2\/media\/994"}],"wp:attachment":[{"href":"https:\/\/diplomatica.tr\/index.php?rest_route=%2Fwp%2Fv2%2Fmedia&parent=992"}],"wp:term":[{"taxonomy":"category","embeddable":true,"href":"https:\/\/diplomatica.tr\/index.php?rest_route=%2Fwp%2Fv2%2Fcategories&post=992"},{"taxonomy":"post_tag","embeddable":true,"href":"https:\/\/diplomatica.tr\/index.php?rest_route=%2Fwp%2Fv2%2Ftags&post=992"}],"curies":[{"name":"wp","href":"https:\/\/api.w.org\/{rel}","templated":true}]}}