{"id":988,"date":"2025-11-28T23:11:27","date_gmt":"2025-11-28T20:11:27","guid":{"rendered":"https:\/\/diplomatica.tr\/?p=988"},"modified":"2025-11-28T23:11:32","modified_gmt":"2025-11-28T20:11:32","slug":"papanin-turkiye-ziyareti-suruyor","status":"publish","type":"post","link":"https:\/\/diplomatica.tr\/?p=988","title":{"rendered":"Papa&#8217;n\u0131n T\u00fcrkiye ziyareti s\u00fcr\u00fcyor"},"content":{"rendered":"\n<p>Vefat eden Papa Fran\u00e7esko&#8217;nun vasiyeti ve Cumhurba\u015fkan\u0131 Erdo\u011fan&#8217;\u0131n daveti \u00fczerine ilk yurtd\u0131\u015f\u0131 ziyaretini T\u00fcrkiye&#8217;ye gelerek ger\u00e7ekle\u015ftiren Papa 14. Leo ziyaretlerini s\u00fcrd\u00fcr\u00fcyor.<\/p>\n\n\n\n<p><strong>Papa&#8217;n\u0131n G\u00fcndemi Yo\u011fun<\/strong><\/p>\n\n\n\n<p>Papa 14. Leo Ankara&#8217;ya indikten sonra ilk ziyaretini An\u0131tkabir&#8217;e yapt\u0131. Ard\u0131ndan Cumhurba\u015fkan\u0131 Erdo\u011fan ile bir g\u00f6r\u00fc\u015fme ger\u00e7ekle\u015ftiren Ruhani Lider buradan \u0130stanbul&#8217;a hareket etti. \u0130stanbul&#8217;da Saint Esprit Katedrali\u2019nde Hristiyan din adamlar\u0131yla bir araya gelen Papa, ard\u0131ndan Hristiyanl\u0131k ad\u0131na \u00f6nemli bir destinasyon olan \u0130znik&#8217;e ge\u00e7erek burada bir ayin ger\u00e7ekle\u015ftirdi.<\/p>\n\n\n\n<p><strong>\u0130znik Konsili ne anlama geliyor?<\/strong><\/p>\n\n\n\n<figure class=\"wp-block-image size-large is-resized\"><img loading=\"lazy\" decoding=\"async\" width=\"1024\" height=\"576\" src=\"https:\/\/diplomatica.tr\/wp-content\/uploads\/2025\/11\/72621410_906-1024x576.jpg\" alt=\"\" class=\"wp-image-990\" style=\"width:406px;height:auto\" srcset=\"https:\/\/diplomatica.tr\/wp-content\/uploads\/2025\/11\/72621410_906-1024x576.jpg 1024w, https:\/\/diplomatica.tr\/wp-content\/uploads\/2025\/11\/72621410_906-300x169.jpg 300w, https:\/\/diplomatica.tr\/wp-content\/uploads\/2025\/11\/72621410_906-768x432.jpg 768w, https:\/\/diplomatica.tr\/wp-content\/uploads\/2025\/11\/72621410_906.jpg 1110w\" sizes=\"auto, (max-width: 1024px) 100vw, 1024px\" \/><\/figure>\n\n\n\n<p>Konsilin topland\u0131\u011f\u0131 d\u00f6nemde Hristiyanlarda b\u00fcy\u00fck \u00f6l\u00e7\u00fcde &#8220;inan\u00e7 birli\u011fi&#8221; s\u00f6z konusuydu. Kiliseler aras\u0131ndaki ayr\u0131\u015fmalar daha sonraki y\u00fczy\u0131llarda ortaya \u00e7\u0131kt\u0131. Bu nedenle \u0130znik, antik \u00e7a\u011fda kiliseyi y\u00f6nlendiren t\u00fcm yetkili isimlerin, imparatorun ba\u015fkanl\u0131\u011f\u0131nda bir araya geldi\u011fi tek konsildi.<\/p>\n\n\n\n<p><strong>1700 Y\u0131l Sonra Bir \u0130lk!<\/strong><\/p>\n\n\n\n<p>Osmanl\u0131&#8217;n\u0131n ve ard\u0131ndan Atat\u00fcrk y\u00f6netiminin kar\u015f\u0131 \u00e7\u0131kmas\u0131yla bir t\u00fcrl\u00fc ger\u00e7ekle\u015ftirilemeyen \u0130znik Konsili y\u0131ld\u00f6n\u00fcm\u00fc ayini, 1700. y\u0131ld\u00f6n\u00fcm\u00fcnde T\u00fcrkiye&#8217;de ger\u00e7ekle\u015ftirildi.<\/p>\n","protected":false},"excerpt":{"rendered":"<p>Vefat eden Papa Fran\u00e7esko&#8217;nun vasiyeti ve Cumhurba\u015fkan\u0131 Erdo\u011fan&#8217;\u0131n daveti \u00fczerine ilk yurtd\u0131\u015f\u0131 ziyaretini T\u00fcrkiye&#8217;ye gelerek ger\u00e7ekle\u015ftiren Papa 14.<\/p>\n","protected":false},"author":1,"featured_media":989,"comment_status":"open","ping_status":"open","sticky":false,"template":"","format":"standard","meta":{"footnotes":""},"categories":[1],"tags":[322,78,13,323,324],"class_list":["post-988","post","type-post","status-publish","format-standard","has-post-thumbnail","hentry","category-siyaset","tag-papa","tag-turkey","tag-turkiye","tag-vatican","tag-vatikan"],"_links":{"self":[{"href":"https:\/\/diplomatica.tr\/index.php?rest_route=\/wp\/v2\/posts\/988","targetHints":{"allow":["GET"]}}],"collection":[{"href":"https:\/\/diplomatica.tr\/index.php?rest_route=\/wp\/v2\/posts"}],"about":[{"href":"https:\/\/diplomatica.tr\/index.php?rest_route=\/wp\/v2\/types\/post"}],"author":[{"embeddable":true,"href":"https:\/\/diplomatica.tr\/index.php?rest_route=\/wp\/v2\/users\/1"}],"replies":[{"embeddable":true,"href":"https:\/\/diplomatica.tr\/index.php?rest_route=%2Fwp%2Fv2%2Fcomments&post=988"}],"version-history":[{"count":1,"href":"https:\/\/diplomatica.tr\/index.php?rest_route=\/wp\/v2\/posts\/988\/revisions"}],"predecessor-version":[{"id":991,"href":"https:\/\/diplomatica.tr\/index.php?rest_route=\/wp\/v2\/posts\/988\/revisions\/991"}],"wp:featuredmedia":[{"embeddable":true,"href":"https:\/\/diplomatica.tr\/index.php?rest_route=\/wp\/v2\/media\/989"}],"wp:attachment":[{"href":"https:\/\/diplomatica.tr\/index.php?rest_route=%2Fwp%2Fv2%2Fmedia&parent=988"}],"wp:term":[{"taxonomy":"category","embeddable":true,"href":"https:\/\/diplomatica.tr\/index.php?rest_route=%2Fwp%2Fv2%2Fcategories&post=988"},{"taxonomy":"post_tag","embeddable":true,"href":"https:\/\/diplomatica.tr\/index.php?rest_route=%2Fwp%2Fv2%2Ftags&post=988"}],"curies":[{"name":"wp","href":"https:\/\/api.w.org\/{rel}","templated":true}]}}