{"id":985,"date":"2025-11-27T00:23:06","date_gmt":"2025-11-26T21:23:06","guid":{"rendered":"https:\/\/diplomatica.tr\/?p=985"},"modified":"2025-11-27T00:23:12","modified_gmt":"2025-11-26T21:23:12","slug":"son-dakika-abd-ulusal-muhafizlarina-ait-iki-asker-beyaz-saraya-yakin-bir-konumda-vuruldu","status":"publish","type":"post","link":"https:\/\/diplomatica.tr\/?p=985","title":{"rendered":"SON DAK\u0130KA! ABD Ulusal Muhaf\u0131zlar\u0131&#8217;na ait iki asker, Beyaz Saray\u2019a yak\u0131n bir konumda vuruldu!"},"content":{"rendered":"\n<p>ABD Washington&#8217;da \u015e\u00fckran G\u00fcn\u00fc&#8217;ne bir kala Beyaz Saray yak\u0131nlar\u0131nda silahl\u0131 sald\u0131r\u0131 ger\u00e7ekle\u015ftirildi. <\/p>\n\n\n\n<p>Olayla ilgili Trump sert a\u00e7\u0131klamalarda bulundu:<\/p>\n\n\n\n<p>Donald Trump: &#8220;\u0130ki Ulusal Muhaf\u0131z askerimiz de, onlar\u0131 vuran hayvan da a\u011f\u0131r yaral\u0131. Ne olursa olsun \u00e7ok a\u011f\u0131r bir bedel \u00f6deyecek.&#8221; ifadelerini kulland\u0131.<\/p>\n\n\n\n<p><strong>Al\u0131nan son bilgilere g\u00f6re vurulan 2 ABD askerinin hayat\u0131n\u0131 kaybetti\u011fi \u00f6\u011frenilirken Ronald Reagan Washington Havaliman\u0131\u2019nda u\u00e7u\u015flar durduruldu.<\/strong><\/p>\n\n\n\n<p><a href=\"https:\/\/x.com\/ConflictTR\/status\/1993781742545596560\/photo\/1\"><\/a><\/p>\n","protected":false},"excerpt":{"rendered":"<p>ABD Washington&#8217;da \u015e\u00fckran G\u00fcn\u00fc&#8217;ne bir kala Beyaz Saray yak\u0131nlar\u0131nda silahl\u0131 sald\u0131r\u0131 ger\u00e7ekle\u015ftirildi. Olayla ilgili Trump sert a\u00e7\u0131klamalarda bulundu:<\/p>\n","protected":false},"author":1,"featured_media":986,"comment_status":"open","ping_status":"open","sticky":false,"template":"","format":"standard","meta":{"footnotes":""},"categories":[1],"tags":[76,79,77,321],"class_list":["post-985","post","type-post","status-publish","format-standard","has-post-thumbnail","hentry","category-siyaset","tag-abd","tag-trump","tag-usa","tag-washington"],"_links":{"self":[{"href":"https:\/\/diplomatica.tr\/index.php?rest_route=\/wp\/v2\/posts\/985","targetHints":{"allow":["GET"]}}],"collection":[{"href":"https:\/\/diplomatica.tr\/index.php?rest_route=\/wp\/v2\/posts"}],"about":[{"href":"https:\/\/diplomatica.tr\/index.php?rest_route=\/wp\/v2\/types\/post"}],"author":[{"embeddable":true,"href":"https:\/\/diplomatica.tr\/index.php?rest_route=\/wp\/v2\/users\/1"}],"replies":[{"embeddable":true,"href":"https:\/\/diplomatica.tr\/index.php?rest_route=%2Fwp%2Fv2%2Fcomments&post=985"}],"version-history":[{"count":1,"href":"https:\/\/diplomatica.tr\/index.php?rest_route=\/wp\/v2\/posts\/985\/revisions"}],"predecessor-version":[{"id":987,"href":"https:\/\/diplomatica.tr\/index.php?rest_route=\/wp\/v2\/posts\/985\/revisions\/987"}],"wp:featuredmedia":[{"embeddable":true,"href":"https:\/\/diplomatica.tr\/index.php?rest_route=\/wp\/v2\/media\/986"}],"wp:attachment":[{"href":"https:\/\/diplomatica.tr\/index.php?rest_route=%2Fwp%2Fv2%2Fmedia&parent=985"}],"wp:term":[{"taxonomy":"category","embeddable":true,"href":"https:\/\/diplomatica.tr\/index.php?rest_route=%2Fwp%2Fv2%2Fcategories&post=985"},{"taxonomy":"post_tag","embeddable":true,"href":"https:\/\/diplomatica.tr\/index.php?rest_route=%2Fwp%2Fv2%2Ftags&post=985"}],"curies":[{"name":"wp","href":"https:\/\/api.w.org\/{rel}","templated":true}]}}