{"id":980,"date":"2025-11-23T22:50:15","date_gmt":"2025-11-23T19:50:15","guid":{"rendered":"https:\/\/diplomatica.tr\/?p=980"},"modified":"2025-11-23T22:50:20","modified_gmt":"2025-11-23T19:50:20","slug":"dev-derbi-oncesi-iki-takim-da-hata-yapmadi","status":"publish","type":"post","link":"https:\/\/diplomatica.tr\/?p=980","title":{"rendered":"Dev derbi \u00f6ncesi iki tak\u0131m da hata yapmad\u0131"},"content":{"rendered":"\n<p>D\u00fcn Gen\u00e7lerbirli\u011fi kar\u015f\u0131s\u0131nda Galatasaray, bug\u00fcn de Rizespor kar\u015f\u0131s\u0131nda Fenerbah\u00e7e ikisi de ma\u00e7lar\u0131nda geriye d\u00fc\u015fmesine ra\u011fmen kazanmay\u0131 bildiler.<\/p>\n\n\n\n<p>D\u00fcn oynanan ma\u00e7ta Gen\u00e7lerbirli\u011fi&#8217;nin gol\u00fcyle geriye d\u00fc\u015fen sar\u0131-k\u0131rm\u0131z\u0131l\u0131lar Bar\u0131\u015f Alper&#8217;in bitmeyen kondisyonu ve \u0130lkay G\u00fcndo\u011fan&#8217;\u0131n oyun zekas\u0131yla ma\u00e7\u0131 kazanmay\u0131 bildi.<\/p>\n\n\n\n<p>Bug\u00fcn benzer senaryo da Rize&#8217;de ya\u015fand\u0131. Rizespor kar\u015f\u0131s\u0131nda 2-0 geriye d\u00fc\u015fmesine ra\u011fmen Marco Asensio&#8217;nun 2 gol 1 asistlik ola\u011fan\u00fcst\u00fc performans\u0131yla sar\u0131-lacivertliler sahadan galibiyetle ayr\u0131lmay\u0131 bildi.<\/p>\n\n\n\n<p><strong>Galatasaray\u2019da derbi \u00f6ncesi eksikler can s\u0131k\u0131yor.<\/strong><\/p>\n\n\n\n<p>Galatasaray&#8217;da Fenerbah\u00e7e derbisi \u00f6ncesi eksik listesi baya kabar\u0131k.<\/p>\n\n\n\n<p>Wilfried Singo (sakat)<\/p>\n\n\n\n<p>Mario Lemina (sakat)<\/p>\n\n\n\n<p>Victor Osimhen (sakat)<\/p>\n\n\n\n<p>Ismail Jakobs (sakat)<\/p>\n\n\n\n<p>Yunus Akg\u00fcn (sakat)<\/p>\n\n\n\n<p>Kaan Ayhan (sakat)<\/p>\n\n\n\n<p>Berkan Kutlu (sakat)<\/p>\n\n\n\n<p>Roland Sallai (cezal\u0131)<\/p>\n\n\n\n<p>Eren Elmal\u0131 (45 g\u00fcn men)<\/p>\n\n\n\n<p>Metehan Baltac\u0131 (9 ay men)<\/p>\n\n\n\n<p><strong>Fenerbah\u00e7e olas\u0131 bir galibiyette lider<\/strong><\/p>\n\n\n\n<p>Ligdeki tek yenilmez tak\u0131m \u00fcnvan\u0131n\u0131 devam ettiren ve Galatasaray&#8217;\u0131n 1 puan gerisinde bulunan sar\u0131-lacivertliler 1 Aral\u0131k&#8217;ta ezeli rakibini yenmesi halinde liderli\u011fini ilan edecek.<\/p>\n\n\n\n<p><strong>S\u00fcper Lig&#8217;de anl\u0131k zirve durumu \u015fu \u015fekilde:<\/strong><\/p>\n\n\n\n<figure class=\"wp-block-embed is-type-rich is-provider-twitter wp-block-embed-twitter\"><div class=\"wp-block-embed__wrapper\">\n<blockquote class=\"twitter-tweet\" data-width=\"550\" data-dnt=\"true\"><p lang=\"tr\" dir=\"ltr\">S\u00fcper Lig&#39;de derbi \u00f6ncesi puan durumu.<br><br>1 Aral\u0131k 2025 | Fenerbah\u00e7e-Galatasaray <a href=\"https:\/\/t.co\/jcAqtEEt3T\">pic.twitter.com\/jcAqtEEt3T<\/a><\/p>&mdash; BPT (@bpthaber) <a href=\"https:\/\/twitter.com\/bpthaber\/status\/1992670100328243408?ref_src=twsrc%5Etfw\">November 23, 2025<\/a><\/blockquote><script async src=\"https:\/\/platform.twitter.com\/widgets.js\" charset=\"utf-8\"><\/script>\n<\/div><\/figure>\n","protected":false},"excerpt":{"rendered":"<p>D\u00fcn Gen\u00e7lerbirli\u011fi kar\u015f\u0131s\u0131nda Galatasaray, bug\u00fcn de Rizespor kar\u015f\u0131s\u0131nda Fenerbah\u00e7e ikisi de ma\u00e7lar\u0131nda geriye d\u00fc\u015fmesine ra\u011fmen kazanmay\u0131 bildiler. D\u00fcn<\/p>\n","protected":false},"author":1,"featured_media":982,"comment_status":"open","ping_status":"open","sticky":false,"template":"","format":"standard","meta":{"footnotes":""},"categories":[8],"tags":[208,201,128,305],"class_list":["post-980","post","type-post","status-publish","format-standard","has-post-thumbnail","hentry","category-spor","tag-derbi","tag-fenerbahce-2","tag-galatasaray","tag-super-lig"],"_links":{"self":[{"href":"https:\/\/diplomatica.tr\/index.php?rest_route=\/wp\/v2\/posts\/980","targetHints":{"allow":["GET"]}}],"collection":[{"href":"https:\/\/diplomatica.tr\/index.php?rest_route=\/wp\/v2\/posts"}],"about":[{"href":"https:\/\/diplomatica.tr\/index.php?rest_route=\/wp\/v2\/types\/post"}],"author":[{"embeddable":true,"href":"https:\/\/diplomatica.tr\/index.php?rest_route=\/wp\/v2\/users\/1"}],"replies":[{"embeddable":true,"href":"https:\/\/diplomatica.tr\/index.php?rest_route=%2Fwp%2Fv2%2Fcomments&post=980"}],"version-history":[{"count":1,"href":"https:\/\/diplomatica.tr\/index.php?rest_route=\/wp\/v2\/posts\/980\/revisions"}],"predecessor-version":[{"id":983,"href":"https:\/\/diplomatica.tr\/index.php?rest_route=\/wp\/v2\/posts\/980\/revisions\/983"}],"wp:featuredmedia":[{"embeddable":true,"href":"https:\/\/diplomatica.tr\/index.php?rest_route=\/wp\/v2\/media\/982"}],"wp:attachment":[{"href":"https:\/\/diplomatica.tr\/index.php?rest_route=%2Fwp%2Fv2%2Fmedia&parent=980"}],"wp:term":[{"taxonomy":"category","embeddable":true,"href":"https:\/\/diplomatica.tr\/index.php?rest_route=%2Fwp%2Fv2%2Fcategories&post=980"},{"taxonomy":"post_tag","embeddable":true,"href":"https:\/\/diplomatica.tr\/index.php?rest_route=%2Fwp%2Fv2%2Ftags&post=980"}],"curies":[{"name":"wp","href":"https:\/\/api.w.org\/{rel}","templated":true}]}}