{"id":98,"date":"2025-09-11T09:40:22","date_gmt":"2025-09-11T09:40:22","guid":{"rendered":"https:\/\/diplomatica.tr\/?p=98"},"modified":"2025-10-07T17:16:46","modified_gmt":"2025-10-07T14:16:46","slug":"moskovanin-toprak-talepleri-ve-kievin-baris-arayisi","status":"publish","type":"post","link":"https:\/\/diplomatica.tr\/?p=98","title":{"rendered":"Moskova\u2019n\u0131n Toprak Talepleri ve Kiev\u2019in Bar\u0131\u015f Aray\u0131\u015f\u0131"},"content":{"rendered":"\n<figure class=\"wp-block-gallery has-nested-images columns-default is-cropped wp-block-gallery-1 is-layout-flex wp-block-gallery-is-layout-flex\">\n<figure class=\"wp-block-image size-full\"><img loading=\"lazy\" decoding=\"async\" width=\"1412\" height=\"792\" data-id=\"258\" src=\"https:\/\/diplomatica.tr\/wp-content\/uploads\/2025\/09\/rusya.png\" alt=\"\" class=\"wp-image-258\" srcset=\"https:\/\/diplomatica.tr\/wp-content\/uploads\/2025\/09\/rusya.png 1412w, https:\/\/diplomatica.tr\/wp-content\/uploads\/2025\/09\/rusya-300x168.png 300w, https:\/\/diplomatica.tr\/wp-content\/uploads\/2025\/09\/rusya-1024x574.png 1024w, https:\/\/diplomatica.tr\/wp-content\/uploads\/2025\/09\/rusya-768x431.png 768w\" sizes=\"auto, (max-width: 1412px) 100vw, 1412px\" \/><\/figure>\n<\/figure>\n\n\n\n<p>Ukrayna\u2019daki sava\u015f, 2014 y\u0131l\u0131nda K\u0131r\u0131m\u2019\u0131n ilhak\u0131yla ba\u015flayan ve 2022\u2019de Rusya\u2019n\u0131n tam \u00f6l\u00e7ekli i\u015fgaliyle yeni bir boyut kazanan uzun soluklu bir krizdir. Bu \u00e7at\u0131\u015fma, sadece iki \u00fclkenin toprak b\u00fct\u00fcnl\u00fc\u011f\u00fc ve egemenli\u011fiyle s\u0131n\u0131rl\u0131 kalmay\u0131p, Avrupa ve k\u00fcresel g\u00fcvenlik mimarisi \u00fczerinde kal\u0131c\u0131 etkiler yaratmaktad\u0131r. Tarihsel olarak Ukrayna, Avrupa ile Rusya aras\u0131nda stratejik bir k\u00f6pr\u00fc i\u015flevi g\u00f6rm\u00fc\u015f ve co\u011frafi konumu nedeniyle hem Do\u011fu hem de Bat\u0131\u2019n\u0131n ilgisini \u00e7ekmi\u015ftir. Moskova\u2019da bu sava\u015fta \u00f6zellikle Ukrayna\u2019n\u0131n do\u011fu ve g\u00fcney b\u00f6lgelerine odaklanmaktad\u0131r. Donbas, Luhansk, Donetsk, Zaporijya ve Herson gibi b\u00f6lgeler, Rusya a\u00e7\u0131s\u0131ndan yaln\u0131zca askeri ve stratejik \u00f6neme sahip de\u011fildir; bu alanlar ekonomik kaynaklar, ula\u015f\u0131m hatlar\u0131 ve enerji altyap\u0131s\u0131 a\u00e7\u0131s\u0131ndan da kritik de\u011fere sahiptir. \u00d6zellikle Donbas b\u00f6lgesindeki sanayi altyap\u0131s\u0131, Rusya\u2019n\u0131n ekonomik hesaplamalar\u0131nda uzun vadeli bir ara\u00e7 olarak \u00f6ne \u00e7\u0131kmaktad\u0131r. K\u0131r\u0131m ve Herson hatt\u0131 ise Karadeniz\u2019e do\u011frudan eri\u015fim sa\u011flayarak Moskova\u2019n\u0131n hem askeri hem de deniz ticareti stratejilerini g\u00fcvence alt\u0131na almas\u0131na olanak vermektedir. Rusya\u2019n\u0131n bu b\u00f6lgeleri talep etmesindeki temel niyet, Ukrayna\u2019n\u0131n Bat\u0131 ile entegrasyonunu s\u0131n\u0131rlamak ve NATO\u2019nun do\u011fuya do\u011fru geni\u015flemesini engellemektir. Bu talepler, Moskova\u2019n\u0131n g\u00fcvenlik doktrini ile jeopolitik hedeflerinin birle\u015fiminden do\u011fmakta ve i\u015fgal stratejisini me\u015frula\u015ft\u0131rma amac\u0131 ta\u015f\u0131maktad\u0131r. Dolay\u0131s\u0131yla Rusya\u2019n\u0131n ama\u00e7lar\u0131 sadece anl\u0131k askeri kazan\u0131mlar de\u011fil, uzun vadeli b\u00f6lgesel kontrol ve siyasi n\u00fcfuzun kal\u0131c\u0131 h\u00e2le getirilmesidir. Bu durum, Ukrayna\u2019n\u0131n sahadaki direnci ve Bat\u0131\u2019n\u0131n sa\u011flad\u0131\u011f\u0131 destekle kar\u015f\u0131 kar\u015f\u0131ya gelen Moskova i\u00e7in hem bir meydan okuma hem de stratejik bir risk olu\u015fturmaktad\u0131r.<\/p>\n\n\n\n<p>Son d\u00f6nemde, ABD Ba\u015fkan\u0131 Donald Trump ile Rusya Devlet Ba\u015fkan\u0131 Vladimir Putin aras\u0131nda yap\u0131lan g\u00f6r\u00fc\u015fmeler, sava\u015f\u0131n olas\u0131 sonu\u00e7lar\u0131 a\u00e7\u0131s\u0131ndan kritik bir d\u00f6neme\u00e7tir. Trump, sava\u015f\u0131n uzamas\u0131n\u0131n hem ABD hem de Avrupa a\u00e7\u0131s\u0131ndan ekonomik ve stratejik maliyetler yaratt\u0131\u011f\u0131n\u0131 vurgulam\u0131\u015f ve \u00e7at\u0131\u015fmay\u0131 bir an \u00f6nce sona erdirme ihtiyac\u0131n\u0131 dile getirmi\u015ftir. Trump bu s\u00fcre\u00e7te pragmatik bir yakla\u015f\u0131mla, Ukrayna\u2019n\u0131n belirli toprak tavizlerini kabul etmesinin sava\u015f\u0131n bitirilmesi ad\u0131na zorunlu bir ko\u015ful oldu\u011funu ve bu tavizlerin Ukrayna\u2019n\u0131n ba\u011f\u0131ms\u0131zl\u0131\u011f\u0131n\u0131 tamamen kaybetmesini engelleyecek bir denge unsuru olarak de\u011ferlendirilmesi gerekti\u011fini belirtmi\u015f, s\u00fcrecin sadece m\u00fczakere ve diplomasi ile \u00e7\u00f6z\u00fclebilece\u011fini savunmu\u015ftur. Bu yakla\u015f\u0131m, Trump\u2019\u0131n sava\u015f\u0131 bitirme odakl\u0131 stratejisini ortaya koyarken, Ukrayna lideri Zelenski\u2019nin bask\u0131 alt\u0131nda oldu\u011fu bir durumu da g\u00f6zler \u00f6n\u00fcne sermektedir. Zira Zelenski, sava\u015f\u0131n s\u00fcrd\u00fcr\u00fclebilir bir bar\u0131\u015fla sona ermesi i\u00e7in Moskova\u2019n\u0131n taleplerini en az\u0131ndan k\u0131smen kar\u015f\u0131lamak zorunda kalmaktad\u0131r. Bu durum, hem i\u00e7 politikada hem de uluslararas\u0131 arenada b\u00fcy\u00fck bir diplomatik hassasiyet gerektirmektedir. Beyaz Saray\u2019da yap\u0131lan toplant\u0131larda, ABD Ba\u015fkan\u0131 ve Avrupa liderleri, Ukrayna krizine dair ortak de\u011ferlendirmeler yapm\u0131\u015ft\u0131r. Liderler, Ukrayna\u2019n\u0131n toprak b\u00fct\u00fcnl\u00fc\u011f\u00fcn\u00fc koruma ve Rusya\u2019n\u0131n geni\u015fleme taleplerini s\u0131n\u0131rlama konusunda temkinli bir tutum benimsemi\u015flerdir. AB liderleri, Moskova\u2019n\u0131n taleplerine kar\u015f\u0131 temkinli bir duru\u015f sergilerken, Ukrayna\u2019ya verilen deste\u011fin devam etmesi gerekti\u011fini vurgulam\u0131\u015flard\u0131r. Bu a\u00e7\u0131klamalar, taraflar aras\u0131ndaki diplomatik dengeyi ve sava\u015f\u0131n \u00e7\u00f6z\u00fcm\u00fcne dair belirsizlikleri a\u00e7\u0131k\u00e7a ortaya koymaktad\u0131r.<\/p>\n\n\n\n<p>Ukrayna i\u00e7in bu durum, sava\u015f\u0131n nas\u0131l sona erece\u011fi konusunda kritik bir karar a\u015famas\u0131n\u0131 temsil etmektedir. Zelenski ve y\u00f6netimi, Moskova\u2019n\u0131n taleplerini tamamen reddetmenin sava\u015f\u0131n uzamas\u0131na yol a\u00e7aca\u011f\u0131n\u0131 g\u00f6z \u00f6n\u00fcnde bulundurarak, s\u0131n\u0131rl\u0131 tavizler vermeyi d\u00fc\u015f\u00fcnmektedir. Bu tavizler, \u00f6zellikle Donbas ve Herson b\u00f6lgelerindeki kontrol\u00fcn k\u0131smen Rusya\u2019ya b\u0131rak\u0131lmas\u0131 veya uzun vadeli y\u00f6netim haklar\u0131n\u0131n payla\u015f\u0131lmas\u0131 bi\u00e7iminde olabilir. Ancak bu s\u00fcre\u00e7, \u00fclke i\u00e7inde ciddi siyasi ve toplumsal tart\u0131\u015fmalar\u0131 da beraberinde getirmektedir; halk\u0131n bir k\u0131sm\u0131 toprak kay\u0131plar\u0131n\u0131 kabul etmekte zorlanmakta ve h\u00fck\u00fcmete kar\u015f\u0131 g\u00fcvensizlik beslemektedir. Dolay\u0131s\u0131yla Ukrayna lideri, kendisini i\u00e7 ve d\u0131\u015f politika ad\u0131na&nbsp; \u00f6nemli bir karar alma zorunlulu\u011fu alt\u0131nda bulmu\u015ftur.<\/p>\n\n\n\n<p>Krizin enerji ve ekonomik boyut, \u00e7at\u0131\u015fman\u0131n \u00e7\u00f6z\u00fcm\u00fcnde belirleyici bir fakt\u00f6r olarak \u00f6ne \u00e7\u0131kmaktad\u0131r. Ukrayna\u2019n\u0131n do\u011fu ve g\u00fcney b\u00f6lgeleri, enerji \u00fcretimi, ula\u015f\u0131m hatlar\u0131 ve sanayi altyap\u0131s\u0131 a\u00e7\u0131s\u0131ndan stratejik \u00f6neme sahiptir. Moskova\u2019n\u0131n kontrol\u00fcnde olmas\u0131 durumunda, Rusya hem enerji ihracat\u0131 ve ticaret yollar\u0131n\u0131 g\u00fcvence alt\u0131na alacak hem de Bat\u0131\u2019ya kar\u015f\u0131 pazarl\u0131k g\u00fcc\u00fcn\u00fc art\u0131racakt\u0131r. Bu nedenle, hem ABD hem de AB liderleri, diplomatik m\u00fczakerelerde bu b\u00f6lgelerin durumunu dikkatle izlemekte ve Ukrayna\u2019n\u0131n direncini destekleyecek stratejiler geli\u015ftirmektedir. Liderlerin temkinli a\u00e7\u0131klamalar\u0131, \u00e7at\u0131\u015fman\u0131n \u00e7\u00f6z\u00fcm\u00fcn\u00fcn hassas bir dengeye dayand\u0131\u011f\u0131n\u0131 g\u00f6stermektedir.<\/p>\n\n\n\n<p>Sonu\u00e7 olarak, Rusya-Ukrayna sava\u015f\u0131, b\u00f6lgesel ve k\u00fcresel dengeleri yeniden \u015fekillendiren \u00e7ok boyutlu bir kriz olarak devam etmektedir. Rusya\u2019n\u0131n talep etti\u011fi b\u00f6lgeler, askeri, ekonomik ve diplomatik a\u00e7\u0131dan kritik \u00f6neme sahip olup, Moskova\u2019n\u0131n uzun vadeli stratejilerinin merkezinde yer al\u0131rken, sava\u015f\u0131n kaderini; Trump\u2019\u0131n sava\u015f\u0131 bir an \u00f6nce bitirmeye y\u00f6nelik pragmatik yakla\u015f\u0131m\u0131, Zelenski\u2019nin minimum toprak kayb\u0131 iste\u011fi ve AB liderlerinin s\u00fcrece temkinli yakla\u015f\u0131m\u0131 belirleyecektir.<\/p>\n\n\n\n<hr class=\"wp-block-separator has-alpha-channel-opacity\"\/>\n","protected":false},"excerpt":{"rendered":"<p>Ukrayna\u2019daki sava\u015f, 2014 y\u0131l\u0131nda K\u0131r\u0131m\u2019\u0131n ilhak\u0131yla ba\u015flayan ve 2022\u2019de Rusya\u2019n\u0131n tam \u00f6l\u00e7ekli i\u015fgaliyle yeni bir boyut kazanan uzun<\/p>\n","protected":false},"author":1,"featured_media":0,"comment_status":"open","ping_status":"open","sticky":false,"template":"","format":"standard","meta":{"footnotes":""},"categories":[1],"tags":[125,122,156,164],"class_list":["post-98","post","type-post","status-publish","format-standard","hentry","category-siyaset","tag-russia","tag-rusya","tag-ukraine","tag-ukrayna"],"_links":{"self":[{"href":"https:\/\/diplomatica.tr\/index.php?rest_route=\/wp\/v2\/posts\/98","targetHints":{"allow":["GET"]}}],"collection":[{"href":"https:\/\/diplomatica.tr\/index.php?rest_route=\/wp\/v2\/posts"}],"about":[{"href":"https:\/\/diplomatica.tr\/index.php?rest_route=\/wp\/v2\/types\/post"}],"author":[{"embeddable":true,"href":"https:\/\/diplomatica.tr\/index.php?rest_route=\/wp\/v2\/users\/1"}],"replies":[{"embeddable":true,"href":"https:\/\/diplomatica.tr\/index.php?rest_route=%2Fwp%2Fv2%2Fcomments&post=98"}],"version-history":[{"count":2,"href":"https:\/\/diplomatica.tr\/index.php?rest_route=\/wp\/v2\/posts\/98\/revisions"}],"predecessor-version":[{"id":259,"href":"https:\/\/diplomatica.tr\/index.php?rest_route=\/wp\/v2\/posts\/98\/revisions\/259"}],"wp:attachment":[{"href":"https:\/\/diplomatica.tr\/index.php?rest_route=%2Fwp%2Fv2%2Fmedia&parent=98"}],"wp:term":[{"taxonomy":"category","embeddable":true,"href":"https:\/\/diplomatica.tr\/index.php?rest_route=%2Fwp%2Fv2%2Fcategories&post=98"},{"taxonomy":"post_tag","embeddable":true,"href":"https:\/\/diplomatica.tr\/index.php?rest_route=%2Fwp%2Fv2%2Ftags&post=98"}],"curies":[{"name":"wp","href":"https:\/\/api.w.org\/{rel}","templated":true}]}}