{"id":977,"date":"2025-11-22T14:30:28","date_gmt":"2025-11-22T11:30:28","guid":{"rendered":"https:\/\/diplomatica.tr\/?p=977"},"modified":"2025-11-22T14:30:33","modified_gmt":"2025-11-22T11:30:33","slug":"donald-trumpin-28-maddelik-rusya-ukrayna-baris-plani","status":"publish","type":"post","link":"https:\/\/diplomatica.tr\/?p=977","title":{"rendered":"Donald Trump&#8217;\u0131n 28 maddelik Rusya-Ukrayna bar\u0131\u015f plan\u0131"},"content":{"rendered":"\n<p>ABD Ba\u015fkan\u0131 Donald Trump ve ekibinin, Rusya-Ukrayna sava\u015f\u0131n\u0131 sona erdirmeye y\u00f6nelik 28 maddelik kapsaml\u0131 bir plan haz\u0131rlad\u0131\u011f\u0131 \u00f6ne s\u00fcr\u00fcl\u00fcyor. A\u015fa\u011f\u0131da yer verilen maddelerin Trump&#8217;\u0131n bar\u0131\u015f plan\u0131nda yer ald\u0131\u011f\u0131 iddia ediliyor.<\/p>\n\n\n\n<h2 class=\"wp-block-heading\">&#8216;Ukrayna NATO hedeflerinden vazge\u00e7ecek&#8217;<\/h2>\n\n\n\n<p>\u0130ddialara g\u00f6re taslak, Ukrayna\u2019n\u0131n NATO\u2019ya kat\u0131lmayaca\u011f\u0131na dair bir taahh\u00fct i\u00e7eriyor. <\/p>\n\n\n\n<h2 class=\"wp-block-heading\">&#8216;K\u0131r\u0131m, Luhansk ve Donetsk; Rusya&#8217;ya b\u0131rak\u0131lacak&#8217;<\/h2>\n\n\n\n<p>Plan uyar\u0131nca K\u0131r\u0131m, Luhansk ve Donetsk\u2019in tamam\u0131n\u0131n Rusya\u2019ya b\u0131rak\u0131lmas\u0131n\u0131n \u00f6ng\u00f6r\u00fcld\u00fc\u011f\u00fc iddia ediliyor.&nbsp;<\/p>\n\n\n\n<h2 class=\"wp-block-heading\">AB \u00fcyeli\u011fine kap\u0131 a\u00e7\u0131k<\/h2>\n\n\n\n<p>Taslak metne g\u00f6re Ukrayna, AB \u00fcyeli\u011fine uygun g\u00f6r\u00fcl\u00fcyor ve bunun \u00f6n\u00fcnde bir engel olmayaca\u011f\u0131 tahmin ediliyor.<\/p>\n\n\n\n<h2 class=\"wp-block-heading\">Rusya&#8217;ya ne olacak?<\/h2>\n\n\n\n<p>Plan onaylan\u0131rsa uzun s\u00fcredir devam eden Rusya&#8217;ya y\u00f6nelik yapt\u0131r\u0131mlar\u0131n a\u015famal\u0131 olarak kald\u0131r\u0131lmas\u0131 ve \u00fclkenin G8\u2019e geri davet edilmesi \u00f6ng\u00f6r\u00fcl\u00fcyor.<\/p>\n\n\n\n<h2 class=\"wp-block-heading\">Zelenski&#8217;nin tepkisi<\/h2>\n\n\n\n<p>Cuma ak\u015fam\u0131\u00a0yapt\u0131\u011f\u0131 a\u00e7\u0131klamada\u00a0ise Zelenski, \u00fclkesinin \u015fu anda &#8220;tarihinin en zor anlar\u0131ndan birini&#8221; ya\u015fad\u0131\u011f\u0131n\u0131 belirtti.<\/p>\n\n\n\n<p>Zelenski bu s\u00fcrecin sonunda \u00fclkesinin \u00e7ok zor bir se\u00e7imle kar\u015f\u0131 kar\u015f\u0131ya kalabilece\u011fini vurgulad\u0131: Ya \u00fclkesini i\u015fgal eden bir devletin toprak taleplerini kabul ederek olu\u015facak bir itibar kayb\u0131 ya da ABD gibi kilit bir orta\u011f\u0131 kaybetme riski.<\/p>\n","protected":false},"excerpt":{"rendered":"<p>ABD Ba\u015fkan\u0131 Donald Trump ve ekibinin, Rusya-Ukrayna sava\u015f\u0131n\u0131 sona erdirmeye y\u00f6nelik 28 maddelik kapsaml\u0131 bir plan haz\u0131rlad\u0131\u011f\u0131 \u00f6ne<\/p>\n","protected":false},"author":1,"featured_media":978,"comment_status":"open","ping_status":"open","sticky":false,"template":"","format":"standard","meta":{"footnotes":""},"categories":[1],"tags":[76,318,125,122,79,156,164,77,317],"class_list":["post-977","post","type-post","status-publish","format-standard","has-post-thumbnail","hentry","category-siyaset","tag-abd","tag-putin-2","tag-russia","tag-rusya","tag-trump","tag-ukraine","tag-ukrayna","tag-usa","tag-zelenski"],"_links":{"self":[{"href":"https:\/\/diplomatica.tr\/index.php?rest_route=\/wp\/v2\/posts\/977","targetHints":{"allow":["GET"]}}],"collection":[{"href":"https:\/\/diplomatica.tr\/index.php?rest_route=\/wp\/v2\/posts"}],"about":[{"href":"https:\/\/diplomatica.tr\/index.php?rest_route=\/wp\/v2\/types\/post"}],"author":[{"embeddable":true,"href":"https:\/\/diplomatica.tr\/index.php?rest_route=\/wp\/v2\/users\/1"}],"replies":[{"embeddable":true,"href":"https:\/\/diplomatica.tr\/index.php?rest_route=%2Fwp%2Fv2%2Fcomments&post=977"}],"version-history":[{"count":1,"href":"https:\/\/diplomatica.tr\/index.php?rest_route=\/wp\/v2\/posts\/977\/revisions"}],"predecessor-version":[{"id":979,"href":"https:\/\/diplomatica.tr\/index.php?rest_route=\/wp\/v2\/posts\/977\/revisions\/979"}],"wp:featuredmedia":[{"embeddable":true,"href":"https:\/\/diplomatica.tr\/index.php?rest_route=\/wp\/v2\/media\/978"}],"wp:attachment":[{"href":"https:\/\/diplomatica.tr\/index.php?rest_route=%2Fwp%2Fv2%2Fmedia&parent=977"}],"wp:term":[{"taxonomy":"category","embeddable":true,"href":"https:\/\/diplomatica.tr\/index.php?rest_route=%2Fwp%2Fv2%2Fcategories&post=977"},{"taxonomy":"post_tag","embeddable":true,"href":"https:\/\/diplomatica.tr\/index.php?rest_route=%2Fwp%2Fv2%2Ftags&post=977"}],"curies":[{"name":"wp","href":"https:\/\/api.w.org\/{rel}","templated":true}]}}