{"id":974,"date":"2025-11-20T21:11:07","date_gmt":"2025-11-20T18:11:07","guid":{"rendered":"https:\/\/diplomatica.tr\/?p=974"},"modified":"2025-11-20T21:11:13","modified_gmt":"2025-11-20T18:11:13","slug":"turkcell-ve-google-clouddan-turkiyede-bulut-bolgesi-icin-stratejik-is-birligi","status":"publish","type":"post","link":"https:\/\/diplomatica.tr\/?p=974","title":{"rendered":"Turkcell ve Google Cloud\u2019dan T\u00fcrkiye\u2019de Bulut B\u00f6lgesi \u0130\u00e7in Stratejik \u0130\u015f Birli\u011fi"},"content":{"rendered":"\n<p><\/p>\n\n\n\n<figure class=\"wp-block-image size-large\"><img loading=\"lazy\" decoding=\"async\" width=\"1024\" height=\"576\" src=\"https:\/\/diplomatica.tr\/wp-content\/uploads\/2025\/11\/dd129fdf-9445-477c-846f-69f69ed6cb8d-1024x576.jpg\" alt=\"\" class=\"wp-image-975\" srcset=\"https:\/\/diplomatica.tr\/wp-content\/uploads\/2025\/11\/dd129fdf-9445-477c-846f-69f69ed6cb8d-1024x576.jpg 1024w, https:\/\/diplomatica.tr\/wp-content\/uploads\/2025\/11\/dd129fdf-9445-477c-846f-69f69ed6cb8d-300x169.jpg 300w, https:\/\/diplomatica.tr\/wp-content\/uploads\/2025\/11\/dd129fdf-9445-477c-846f-69f69ed6cb8d-768x432.jpg 768w, https:\/\/diplomatica.tr\/wp-content\/uploads\/2025\/11\/dd129fdf-9445-477c-846f-69f69ed6cb8d-1536x864.jpg 1536w, https:\/\/diplomatica.tr\/wp-content\/uploads\/2025\/11\/dd129fdf-9445-477c-846f-69f69ed6cb8d.jpg 1920w\" sizes=\"auto, (max-width: 1024px) 100vw, 1024px\" \/><\/figure>\n\n\n\n<p>Turkcell, Google Cloud ile T\u00fcrkiye\u2019de yeni bir \u201cGoogle Cloud b\u00f6lgesi\u201d kurulmas\u0131n\u0131 kapsayan stratejik bir ortakl\u0131\u011fa imza att\u0131\u011f\u0131n\u0131 duyurdu. Yap\u0131lan a\u00e7\u0131klamaya g\u00f6re Turkcell, bu i\u015f birli\u011fi kapsam\u0131nda 2032 y\u0131l\u0131na kadar toplam <strong>1 milyar dolarl\u0131k<\/strong> yat\u0131r\u0131m ger\u00e7ekle\u015ftirecek.<\/p>\n\n\n\n<p>Yeni bulut b\u00f6lgesinin, T\u00fcrkiye\u2019nin veri g\u00fcvenli\u011fi, d\u00fc\u015f\u00fck gecikme (latency), yerel veri saklama ve reg\u00fclasyonlara uyum alanlar\u0131nda \u00f6nemli katk\u0131lar sa\u011flamas\u0131 bekleniyor. En az \u00fc\u00e7 farkl\u0131 lokasyondan olu\u015facak b\u00f6lgenin 2028\u20132029 y\u0131llar\u0131 aras\u0131nda devreye al\u0131nmas\u0131 planlan\u0131yor.<\/p>\n\n\n\n<p>Turkcell, i\u015f birli\u011fiyle yaln\u0131zca b\u00f6lgenin kurulmas\u0131na destek vermekle kalmayacak, ayn\u0131 zamanda Google Cloud\u2019un T\u00fcrkiye\u2019deki yetkili i\u015f orta\u011f\u0131 olarak bulut servislerinin sat\u0131\u015f ve entegrasyonunda da aktif rol \u00fcstlenecek. \u015eirket, veri merkezi kapasitesini \u00f6n\u00fcm\u00fczdeki y\u0131llarda iki kat\u0131na \u00e7\u0131karmay\u0131 ve bulut gelirlerini \u00f6nemli \u00f6l\u00e7\u00fcde art\u0131rmay\u0131 hedefliyor.<\/p>\n\n\n\n<p>Yetkililer, T\u00fcrkiye\u2019de kurulacak bu altyap\u0131n\u0131n kamu kurumlar\u0131, finans sekt\u00f6r\u00fc, \u00fcretim \u015firketleri ve KOB\u0130\u2019ler i\u00e7in yapay zeka, veri analiti\u011fi, siber g\u00fcvenlik ve modern uygulama geli\u015ftirme gibi alanlarda kritik avantajlar sa\u011flayaca\u011f\u0131n\u0131 belirtiyor. T\u00fcrkiye\u2019nin b\u00fcy\u00fcyen bulut pazar\u0131n\u0131n 2029\u2019a kadar birka\u00e7 milyar dolarl\u0131k bir hacme ula\u015fmas\u0131 bekleniyor.<\/p>\n\n\n\n<p>Bu stratejik ortakl\u0131\u011f\u0131n, T\u00fcrkiye\u2019nin b\u00f6lgesel teknoloji merkezi olma hedeflerine katk\u0131 sunaca\u011f\u0131 ve \u00fclkenin dijital d\u00f6n\u00fc\u015f\u00fcm s\u00fcrecinde \u00f6nemli bir e\u015fik te\u015fkil etti\u011fi ifade ediliyor.<\/p>\n","protected":false},"excerpt":{"rendered":"<p>Turkcell, Google Cloud ile T\u00fcrkiye\u2019de yeni bir \u201cGoogle Cloud b\u00f6lgesi\u201d kurulmas\u0131n\u0131 kapsayan stratejik bir ortakl\u0131\u011fa imza att\u0131\u011f\u0131n\u0131 duyurdu.<\/p>\n","protected":false},"author":2,"featured_media":0,"comment_status":"open","ping_status":"open","sticky":false,"template":"","format":"standard","meta":{"footnotes":""},"categories":[9],"tags":[],"class_list":["post-974","post","type-post","status-publish","format-standard","hentry","category-teknoloji"],"_links":{"self":[{"href":"https:\/\/diplomatica.tr\/index.php?rest_route=\/wp\/v2\/posts\/974","targetHints":{"allow":["GET"]}}],"collection":[{"href":"https:\/\/diplomatica.tr\/index.php?rest_route=\/wp\/v2\/posts"}],"about":[{"href":"https:\/\/diplomatica.tr\/index.php?rest_route=\/wp\/v2\/types\/post"}],"author":[{"embeddable":true,"href":"https:\/\/diplomatica.tr\/index.php?rest_route=\/wp\/v2\/users\/2"}],"replies":[{"embeddable":true,"href":"https:\/\/diplomatica.tr\/index.php?rest_route=%2Fwp%2Fv2%2Fcomments&post=974"}],"version-history":[{"count":1,"href":"https:\/\/diplomatica.tr\/index.php?rest_route=\/wp\/v2\/posts\/974\/revisions"}],"predecessor-version":[{"id":976,"href":"https:\/\/diplomatica.tr\/index.php?rest_route=\/wp\/v2\/posts\/974\/revisions\/976"}],"wp:attachment":[{"href":"https:\/\/diplomatica.tr\/index.php?rest_route=%2Fwp%2Fv2%2Fmedia&parent=974"}],"wp:term":[{"taxonomy":"category","embeddable":true,"href":"https:\/\/diplomatica.tr\/index.php?rest_route=%2Fwp%2Fv2%2Fcategories&post=974"},{"taxonomy":"post_tag","embeddable":true,"href":"https:\/\/diplomatica.tr\/index.php?rest_route=%2Fwp%2Fv2%2Ftags&post=974"}],"curies":[{"name":"wp","href":"https:\/\/api.w.org\/{rel}","templated":true}]}}