{"id":970,"date":"2025-11-18T23:05:07","date_gmt":"2025-11-18T20:05:07","guid":{"rendered":"https:\/\/diplomatica.tr\/?p=970"},"modified":"2025-11-18T23:05:12","modified_gmt":"2025-11-18T20:05:12","slug":"turkiyeden-kuresel-egitim-hamlesi-osym-ve-maarif-vakfi-yurt-disi-sinavlari-icin-is-birligi-yapiyor","status":"publish","type":"post","link":"https:\/\/diplomatica.tr\/?p=970","title":{"rendered":"T\u00fcrkiye\u2019den K\u00fcresel E\u011fitim Hamlesi: \u00d6SYM ve Maarif Vakf\u0131 Yurt D\u0131\u015f\u0131 S\u0131navlar\u0131 \u0130\u00e7in \u0130\u015f Birli\u011fi Yap\u0131yor"},"content":{"rendered":"\n<p>\u00d6l\u00e7me, Se\u00e7me ve Yerle\u015ftirme Merkezi (\u00d6SYM) ile T\u00fcrkiye Maarif Vakf\u0131 aras\u0131nda, yurt d\u0131\u015f\u0131nda uygulanacak s\u0131nav s\u00fcre\u00e7lerini g\u00fc\u00e7lendirmek amac\u0131yla \u00f6nemli bir i\u015f birli\u011fi protokol\u00fc imzaland\u0131. Anla\u015fma ile \u00f6zellikle&nbsp;<strong>Elektronik \u0130ngilizce Yeterlik S\u0131nav\u0131 (e-TEP)<\/strong>&nbsp;ba\u015fta olmak \u00fczere \u00e7e\u015fitli \u00f6l\u00e7me-de\u011ferlendirme uygulamalar\u0131n\u0131n uluslararas\u0131 alanda daha etkin bi\u00e7imde y\u00fcr\u00fct\u00fclmesi hedefleniyor.<\/p>\n\n\n\n<p>Protokol kapsam\u0131nda Maarif Vakf\u0131\u2019n\u0131n d\u00fcnya genelindeki geni\u015f okul a\u011f\u0131 ve e\u011fitim altyap\u0131s\u0131, \u00d6SYM\u2019nin \u00f6l\u00e7me-de\u011ferlendirme uzmanl\u0131\u011f\u0131 ile birle\u015ftirilecek. B\u00f6ylece T\u00fcrk kurumlar\u0131n\u0131n yurt d\u0131\u015f\u0131ndaki s\u0131nav operasyonlar\u0131 daha sistemli, g\u00fcvenilir ve eri\u015filebilir hale gelecek.<\/p>\n\n\n\n<p>\u0130\u015f birli\u011fi, T\u00fcrkiye\u2019nin k\u00fcresel e\u011fitim alan\u0131ndaki g\u00f6r\u00fcn\u00fcrl\u00fc\u011f\u00fcn\u00fc art\u0131r\u0131rken, yurt d\u0131\u015f\u0131nda ya\u015fayan \u00f6\u011frenciler i\u00e7in de standart ve g\u00fcvenilir s\u0131nav hizmetlerine eri\u015fimi kolayla\u015ft\u0131racak \u00f6nemli bir ad\u0131m olarak de\u011ferlendiriliyor.<\/p>\n\n\n\n<figure class=\"wp-block-image size-large\"><img loading=\"lazy\" decoding=\"async\" width=\"1024\" height=\"576\" src=\"https:\/\/diplomatica.tr\/wp-content\/uploads\/2025\/11\/IMG_7940-1024x576.jpeg\" alt=\"\" class=\"wp-image-971\" srcset=\"https:\/\/diplomatica.tr\/wp-content\/uploads\/2025\/11\/IMG_7940-1024x576.jpeg 1024w, https:\/\/diplomatica.tr\/wp-content\/uploads\/2025\/11\/IMG_7940-300x169.jpeg 300w, https:\/\/diplomatica.tr\/wp-content\/uploads\/2025\/11\/IMG_7940-768x432.jpeg 768w, https:\/\/diplomatica.tr\/wp-content\/uploads\/2025\/11\/IMG_7940.jpeg 1280w\" sizes=\"auto, (max-width: 1024px) 100vw, 1024px\" \/><\/figure>\n","protected":false},"excerpt":{"rendered":"<p>\u00d6l\u00e7me, Se\u00e7me ve Yerle\u015ftirme Merkezi (\u00d6SYM) ile T\u00fcrkiye Maarif Vakf\u0131 aras\u0131nda, yurt d\u0131\u015f\u0131nda uygulanacak s\u0131nav s\u00fcre\u00e7lerini g\u00fc\u00e7lendirmek amac\u0131yla<\/p>\n","protected":false},"author":3,"featured_media":0,"comment_status":"open","ping_status":"open","sticky":false,"template":"","format":"standard","meta":{"footnotes":""},"categories":[15],"tags":[],"class_list":["post-970","post","type-post","status-publish","format-standard","hentry","category-egitim"],"_links":{"self":[{"href":"https:\/\/diplomatica.tr\/index.php?rest_route=\/wp\/v2\/posts\/970","targetHints":{"allow":["GET"]}}],"collection":[{"href":"https:\/\/diplomatica.tr\/index.php?rest_route=\/wp\/v2\/posts"}],"about":[{"href":"https:\/\/diplomatica.tr\/index.php?rest_route=\/wp\/v2\/types\/post"}],"author":[{"embeddable":true,"href":"https:\/\/diplomatica.tr\/index.php?rest_route=\/wp\/v2\/users\/3"}],"replies":[{"embeddable":true,"href":"https:\/\/diplomatica.tr\/index.php?rest_route=%2Fwp%2Fv2%2Fcomments&post=970"}],"version-history":[{"count":1,"href":"https:\/\/diplomatica.tr\/index.php?rest_route=\/wp\/v2\/posts\/970\/revisions"}],"predecessor-version":[{"id":972,"href":"https:\/\/diplomatica.tr\/index.php?rest_route=\/wp\/v2\/posts\/970\/revisions\/972"}],"wp:attachment":[{"href":"https:\/\/diplomatica.tr\/index.php?rest_route=%2Fwp%2Fv2%2Fmedia&parent=970"}],"wp:term":[{"taxonomy":"category","embeddable":true,"href":"https:\/\/diplomatica.tr\/index.php?rest_route=%2Fwp%2Fv2%2Fcategories&post=970"},{"taxonomy":"post_tag","embeddable":true,"href":"https:\/\/diplomatica.tr\/index.php?rest_route=%2Fwp%2Fv2%2Ftags&post=970"}],"curies":[{"name":"wp","href":"https:\/\/api.w.org\/{rel}","templated":true}]}}