{"id":965,"date":"2025-11-18T22:49:03","date_gmt":"2025-11-18T19:49:03","guid":{"rendered":"https:\/\/diplomatica.tr\/?p=965"},"modified":"2025-11-18T22:49:08","modified_gmt":"2025-11-18T19:49:08","slug":"ukrayna-devlet-baskani-zelenski-turkiyeye-geliyor","status":"publish","type":"post","link":"https:\/\/diplomatica.tr\/?p=965","title":{"rendered":"Ukrayna Devlet Ba\u015fkan\u0131 Zelenski T\u00fcrkiye&#8217;ye geliyor"},"content":{"rendered":"\n<p><strong>Ukrayna Devlet Ba\u015fkan\u0131 Vladimir Zelenski&#8217;nin 19 Kas\u0131m g\u00fcn\u00fc T\u00fcrkiye&#8217;de olmas\u0131 bekleniyor.<\/strong><\/p>\n\n\n\n<p>Zelenski yapt\u0131\u011f\u0131 a\u00e7\u0131klamada:<\/p>\n\n\n\n<p>\u201cYar\u0131n T\u00fcrkiye\u2019de toplant\u0131lar ger\u00e7ekle\u015ftirece\u011fim. M\u00fczakereleri yeniden canland\u0131rmak i\u00e7in haz\u0131rl\u0131k yap\u0131yoruz ve ortaklar\u0131m\u0131za sunaca\u011f\u0131m\u0131z \u00e7\u00f6z\u00fcmler geli\u015ftirdik.<br>Sava\u015f\u0131 sona erdirmek i\u00e7in m\u00fcmk\u00fcn olan her \u015feyi yapmak Ukrayna\u2019n\u0131n en \u00f6nemli \u00f6nceli\u011fidir.<br>Ayr\u0131ca sava\u015f esirlerinin de\u011fi\u015fimini yeniden ba\u015flatmak ve esirlerimizi eve getirmek i\u00e7in \u00e7al\u0131\u015f\u0131yoruz.\u201d ifadelerini kulland\u0131.<\/p>\n\n\n\n<p><strong>TRUMP&#8217;IN TEMS\u0130LC\u0130S\u0130 DE T\u00dcRK\u0130YE&#8217;YE GEL\u0130YOR<\/strong><\/p>\n\n\n\n<p>ABD Ba\u015fkan\u0131 Donald Trump\u2019\u0131n Orta Do\u011fu \u00d6zel Temsilcisi Steve Witkoff\u2019un da yar\u0131n T\u00fcrkiye\u2019ye gelmesinin planland\u0131\u011f\u0131 kaydedildi.<br>Witkoff\u2019un T\u00fcrkiye\u2019de yap\u0131lacak toplant\u0131lara kat\u0131lmas\u0131 bekleniyor.<\/p>\n\n\n\n<p><strong>KREML\u0130N: G\u00d6R\u00dc\u015eMELERDE BULUNMAYACA\u011eIZ<\/strong><\/p>\n\n\n\n<p>Kremlin S\u00f6zc\u00fcs\u00fc Dmitriy Peskov, Rusya\u2019n\u0131n yar\u0131n T\u00fcrkiye\u2019de yap\u0131lacak g\u00f6r\u00fc\u015fmelerde bulunmayaca\u011f\u0131n\u0131 belirtirken ABD ve T\u00fcrkiye ile g\u00f6r\u00fc\u015fme ger\u00e7ekle\u015ftirilip ger\u00e7ekle\u015ftirilmeyece\u011fi sorusuna ise \u201cBahsetti\u011finiz taraflardan herhangi biri Rus taraf\u0131n\u0131 bilgilendirmeyi gerekli g\u00f6r\u00fcrse elbette Ba\u015fkan Putin g\u00f6r\u00fc\u015fmeye a\u00e7\u0131k olacakt\u0131r.\u201d ifadelerini kulland\u0131.<\/p>\n","protected":false},"excerpt":{"rendered":"<p>Ukrayna Devlet Ba\u015fkan\u0131 Vladimir Zelenski&#8217;nin 19 Kas\u0131m g\u00fcn\u00fc T\u00fcrkiye&#8217;de olmas\u0131 bekleniyor. Zelenski yapt\u0131\u011f\u0131 a\u00e7\u0131klamada: \u201cYar\u0131n T\u00fcrkiye\u2019de toplant\u0131lar ger\u00e7ekle\u015ftirece\u011fim.<\/p>\n","protected":false},"author":1,"featured_media":966,"comment_status":"open","ping_status":"open","sticky":false,"template":"","format":"standard","meta":{"footnotes":""},"categories":[1],"tags":[76,80,318,125,122,79,78,13,156,164,77,317],"class_list":["post-965","post","type-post","status-publish","format-standard","has-post-thumbnail","hentry","category-siyaset","tag-abd","tag-erdogan","tag-putin-2","tag-russia","tag-rusya","tag-trump","tag-turkey","tag-turkiye","tag-ukraine","tag-ukrayna","tag-usa","tag-zelenski"],"_links":{"self":[{"href":"https:\/\/diplomatica.tr\/index.php?rest_route=\/wp\/v2\/posts\/965","targetHints":{"allow":["GET"]}}],"collection":[{"href":"https:\/\/diplomatica.tr\/index.php?rest_route=\/wp\/v2\/posts"}],"about":[{"href":"https:\/\/diplomatica.tr\/index.php?rest_route=\/wp\/v2\/types\/post"}],"author":[{"embeddable":true,"href":"https:\/\/diplomatica.tr\/index.php?rest_route=\/wp\/v2\/users\/1"}],"replies":[{"embeddable":true,"href":"https:\/\/diplomatica.tr\/index.php?rest_route=%2Fwp%2Fv2%2Fcomments&post=965"}],"version-history":[{"count":1,"href":"https:\/\/diplomatica.tr\/index.php?rest_route=\/wp\/v2\/posts\/965\/revisions"}],"predecessor-version":[{"id":967,"href":"https:\/\/diplomatica.tr\/index.php?rest_route=\/wp\/v2\/posts\/965\/revisions\/967"}],"wp:featuredmedia":[{"embeddable":true,"href":"https:\/\/diplomatica.tr\/index.php?rest_route=\/wp\/v2\/media\/966"}],"wp:attachment":[{"href":"https:\/\/diplomatica.tr\/index.php?rest_route=%2Fwp%2Fv2%2Fmedia&parent=965"}],"wp:term":[{"taxonomy":"category","embeddable":true,"href":"https:\/\/diplomatica.tr\/index.php?rest_route=%2Fwp%2Fv2%2Fcategories&post=965"},{"taxonomy":"post_tag","embeddable":true,"href":"https:\/\/diplomatica.tr\/index.php?rest_route=%2Fwp%2Fv2%2Ftags&post=965"}],"curies":[{"name":"wp","href":"https:\/\/api.w.org\/{rel}","templated":true}]}}