{"id":960,"date":"2025-11-15T23:22:25","date_gmt":"2025-11-15T20:22:25","guid":{"rendered":"https:\/\/diplomatica.tr\/?p=960"},"modified":"2025-11-15T23:22:30","modified_gmt":"2025-11-15T20:22:30","slug":"milli-takimimiz-dunya-kupasi-play-off-etabina-katilmayi-garantiledi","status":"publish","type":"post","link":"https:\/\/diplomatica.tr\/?p=960","title":{"rendered":"Milli Tak\u0131m\u0131m\u0131z, D\u00fcnya Kupas\u0131 play-off etab\u0131na kat\u0131lmay\u0131 garantiledi!"},"content":{"rendered":"\n<p><strong>2026 FIFA D\u00fcnya Kupas\u0131 Avrupa Elemeleri E Grubu be\u015finci ma\u00e7\u0131nda Bursa&#8217;da Bulgaristan&#8217;\u0131 2-0 ma\u011flup eden A Milli Futbol Tak\u0131m\u0131, grubu ilk iki s\u0131rada bitirmeyi garantiledi.<\/strong><\/p>\n\n\n\n<p>Atat\u00fcrk Spor Kompleksi Matl\u0131 Stad\u0131&#8217;nda oynanan ma\u00e7ta ay-y\u0131ld\u0131zl\u0131 ekibin gollerini, penalt\u0131dan Hakan \u00c7alhano\u011flu ve Chernev (kendi kalesine) kaydetti.<\/p>\n\n\n\n<p>Gruptaki 5. ma\u00e7\u0131nda 4. galibiyetini elde eden T\u00fcrkiye, puan\u0131n\u0131 12&#8217;ye y\u00fckseltip ikinci s\u0131rada yer al\u0131rken, puans\u0131z Bulgaristan son s\u0131rada kald\u0131. Grubun di\u011fer ma\u00e7\u0131nda G\u00fcrcistan&#8217;\u0131 4-0 yenen \u0130spanya, 15 puanla liderli\u011fini s\u00fcrd\u00fcrd\u00fc.<\/p>\n\n\n\n<p><strong>\u0130smail Y\u00fcksek cezal\u0131 duruma d\u00fc\u015ft\u00fc<\/strong><\/p>\n\n\n\n<p>Bulgaristan kar\u015f\u0131la\u015fmas\u0131 \u00f6ncesinde sar\u0131 kart ceza s\u0131n\u0131r\u0131nda bulunan \u0130smail Y\u00fcksek, g\u00f6rd\u00fc\u011f\u00fc sar\u0131 kartla \u0130spanya ma\u00e7\u0131 \u00f6ncesi cezal\u0131 duruma d\u00fc\u015ft\u00fc.<\/p>\n\n\n\n<p><strong>Hakan \u00c7alhano\u011flu&#8217;ndan anlaml\u0131 hareket<\/strong><\/p>\n\n\n\n<p>Kaptan Hakan, att\u0131\u011f\u0131 gol\u00fc \u015fehitlerimize arma\u011fan etti.<\/p>\n\n\n\n<p>Ayr\u0131ca Hakan, A Milli Tak\u0131m&#8217;da en fazla gol atanlar s\u0131ralamas\u0131nda 22 golle 3. s\u0131radaki Tuncay \u015eanl\u0131&#8217;y\u0131 yakalad\u0131.<\/p>\n\n\n\n<p><strong><br><\/strong><\/p>\n","protected":false},"excerpt":{"rendered":"<p>2026 FIFA D\u00fcnya Kupas\u0131 Avrupa Elemeleri E Grubu be\u015finci ma\u00e7\u0131nda Bursa&#8217;da Bulgaristan&#8217;\u0131 2-0 ma\u011flup eden A Milli Futbol<\/p>\n","protected":false},"author":1,"featured_media":961,"comment_status":"open","ping_status":"open","sticky":false,"template":"","format":"standard","meta":{"footnotes":""},"categories":[8],"tags":[247,244,248,316,78,13,249],"class_list":["post-960","post","type-post","status-publish","format-standard","has-post-thumbnail","hentry","category-spor","tag-bulgaria","tag-bulgaristan","tag-dunya-kupasi","tag-play-off","tag-turkey","tag-turkiye","tag-world-cup"],"_links":{"self":[{"href":"https:\/\/diplomatica.tr\/index.php?rest_route=\/wp\/v2\/posts\/960","targetHints":{"allow":["GET"]}}],"collection":[{"href":"https:\/\/diplomatica.tr\/index.php?rest_route=\/wp\/v2\/posts"}],"about":[{"href":"https:\/\/diplomatica.tr\/index.php?rest_route=\/wp\/v2\/types\/post"}],"author":[{"embeddable":true,"href":"https:\/\/diplomatica.tr\/index.php?rest_route=\/wp\/v2\/users\/1"}],"replies":[{"embeddable":true,"href":"https:\/\/diplomatica.tr\/index.php?rest_route=%2Fwp%2Fv2%2Fcomments&post=960"}],"version-history":[{"count":1,"href":"https:\/\/diplomatica.tr\/index.php?rest_route=\/wp\/v2\/posts\/960\/revisions"}],"predecessor-version":[{"id":962,"href":"https:\/\/diplomatica.tr\/index.php?rest_route=\/wp\/v2\/posts\/960\/revisions\/962"}],"wp:featuredmedia":[{"embeddable":true,"href":"https:\/\/diplomatica.tr\/index.php?rest_route=\/wp\/v2\/media\/961"}],"wp:attachment":[{"href":"https:\/\/diplomatica.tr\/index.php?rest_route=%2Fwp%2Fv2%2Fmedia&parent=960"}],"wp:term":[{"taxonomy":"category","embeddable":true,"href":"https:\/\/diplomatica.tr\/index.php?rest_route=%2Fwp%2Fv2%2Fcategories&post=960"},{"taxonomy":"post_tag","embeddable":true,"href":"https:\/\/diplomatica.tr\/index.php?rest_route=%2Fwp%2Fv2%2Ftags&post=960"}],"curies":[{"name":"wp","href":"https:\/\/api.w.org\/{rel}","templated":true}]}}