{"id":956,"date":"2025-11-15T22:40:28","date_gmt":"2025-11-15T19:40:28","guid":{"rendered":"https:\/\/diplomatica.tr\/?p=956"},"modified":"2025-11-15T22:43:53","modified_gmt":"2025-11-15T19:43:53","slug":"2025-yds-2-yarin-yapilacak","status":"publish","type":"post","link":"https:\/\/diplomatica.tr\/?p=956","title":{"rendered":"2025-YDS\/2 Yar\u0131n Yap\u0131lacak"},"content":{"rendered":"\n<p>\u00d6l\u00e7me, Se\u00e7me ve Yerle\u015ftirme Merkezi (\u00d6SYM) taraf\u0131ndan d\u00fczenlenen&nbsp;<strong>2025-YDS\/2 (Yabanc\u0131 Dil Bilgisi Seviye Tespit S\u0131nav\u0131)<\/strong>, yar\u0131n&nbsp;<strong>16 Kas\u0131m 2025 Pazar g\u00fcn\u00fc<\/strong>&nbsp;\u00fclke genelinde uygulanacak. S\u0131nav, saat&nbsp;<strong>10.15\u2019te<\/strong>&nbsp;ba\u015flayacak ve toplam&nbsp;<strong>180 dakika<\/strong>&nbsp;s\u00fcrecek.<\/p>\n\n\n\n<p>Bu y\u0131lki YDS\/2,\u00a0<strong>T\u00fcrkiye\u2019nin 81 ilinde<\/strong>, ayr\u0131ca\u00a0<strong>Lefko\u015fa ve Bi\u015fkek<\/strong>\u2019te olmak \u00fczere toplam\u00a0<strong>89 s\u0131nav merkezinde<\/strong> ger\u00e7ekle\u015ftirilecek. Adaylar\u0131n s\u0131nava giri\u015fleri, s\u0131nav saatinden \u00f6nce tamamlanacak olup kap\u0131lar belirlenen saatlerde kapat\u0131lacak.<\/p>\n\n\n\n<p>\u00d6SYM, s\u0131nav g\u00fcn\u00fc kimlik kart\u0131 ile ilgili sorun ya\u015fayabilecek adaylar i\u00e7in baz\u0131&nbsp;<strong>il ve il\u00e7e n\u00fcfus m\u00fcd\u00fcrl\u00fcklerinin yar\u0131n sabah a\u00e7\u0131k olaca\u011f\u0131n\u0131<\/strong>&nbsp;duyurdu. Kimli\u011fi kaybolan, foto\u011fraf\u0131 yenilenmeyen veya kimlik kart\u0131 hen\u00fcz teslim edilmeyen adaylar, ge\u00e7ici kimlik belgesi \u00e7\u0131kararak s\u0131nava girebilecek.<\/p>\n\n\n\n<p>\u00d6te yandan, 2025-YDS\/2 oturumu i\u00e7in&nbsp;<strong>ba\u015fvuru say\u0131s\u0131na dair resmi bir a\u00e7\u0131klama yap\u0131lmad\u0131<\/strong>. Son y\u0131llarda YDS oturumlar\u0131nda ba\u015fvuru say\u0131lar\u0131 y\u00fcz binlere ula\u015f\u0131rken, bu y\u0131lki ikinci oturumun da y\u00fcksek kat\u0131l\u0131mla ger\u00e7ekle\u015fmesi bekleniyor.<\/p>\n\n\n\n<p>S\u0131nav sonu\u00e7lar\u0131, \u00d6SYM takvimine g\u00f6re&nbsp;<strong>5 Aral\u0131k 2025 tarihinde<\/strong>&nbsp;eri\u015fime a\u00e7\u0131lacak.<\/p>\n\n\n\n<figure class=\"wp-block-image size-full\"><img loading=\"lazy\" decoding=\"async\" width=\"800\" height=\"450\" src=\"https:\/\/diplomatica.tr\/wp-content\/uploads\/2025\/11\/IMG_7830.jpeg\" alt=\"\" class=\"wp-image-957\" srcset=\"https:\/\/diplomatica.tr\/wp-content\/uploads\/2025\/11\/IMG_7830.jpeg 800w, https:\/\/diplomatica.tr\/wp-content\/uploads\/2025\/11\/IMG_7830-300x169.jpeg 300w, https:\/\/diplomatica.tr\/wp-content\/uploads\/2025\/11\/IMG_7830-768x432.jpeg 768w\" sizes=\"auto, (max-width: 800px) 100vw, 800px\" \/><\/figure>\n","protected":false},"excerpt":{"rendered":"<p>\u00d6l\u00e7me, Se\u00e7me ve Yerle\u015ftirme Merkezi (\u00d6SYM) taraf\u0131ndan d\u00fczenlenen&nbsp;2025-YDS\/2 (Yabanc\u0131 Dil Bilgisi Seviye Tespit S\u0131nav\u0131), yar\u0131n&nbsp;16 Kas\u0131m 2025 Pazar<\/p>\n","protected":false},"author":3,"featured_media":0,"comment_status":"open","ping_status":"open","sticky":false,"template":"","format":"standard","meta":{"footnotes":""},"categories":[15],"tags":[],"class_list":["post-956","post","type-post","status-publish","format-standard","hentry","category-egitim"],"_links":{"self":[{"href":"https:\/\/diplomatica.tr\/index.php?rest_route=\/wp\/v2\/posts\/956","targetHints":{"allow":["GET"]}}],"collection":[{"href":"https:\/\/diplomatica.tr\/index.php?rest_route=\/wp\/v2\/posts"}],"about":[{"href":"https:\/\/diplomatica.tr\/index.php?rest_route=\/wp\/v2\/types\/post"}],"author":[{"embeddable":true,"href":"https:\/\/diplomatica.tr\/index.php?rest_route=\/wp\/v2\/users\/3"}],"replies":[{"embeddable":true,"href":"https:\/\/diplomatica.tr\/index.php?rest_route=%2Fwp%2Fv2%2Fcomments&post=956"}],"version-history":[{"count":2,"href":"https:\/\/diplomatica.tr\/index.php?rest_route=\/wp\/v2\/posts\/956\/revisions"}],"predecessor-version":[{"id":959,"href":"https:\/\/diplomatica.tr\/index.php?rest_route=\/wp\/v2\/posts\/956\/revisions\/959"}],"wp:attachment":[{"href":"https:\/\/diplomatica.tr\/index.php?rest_route=%2Fwp%2Fv2%2Fmedia&parent=956"}],"wp:term":[{"taxonomy":"category","embeddable":true,"href":"https:\/\/diplomatica.tr\/index.php?rest_route=%2Fwp%2Fv2%2Fcategories&post=956"},{"taxonomy":"post_tag","embeddable":true,"href":"https:\/\/diplomatica.tr\/index.php?rest_route=%2Fwp%2Fv2%2Ftags&post=956"}],"curies":[{"name":"wp","href":"https:\/\/api.w.org\/{rel}","templated":true}]}}