{"id":951,"date":"2025-11-15T21:21:01","date_gmt":"2025-11-15T18:21:01","guid":{"rendered":"https:\/\/diplomatica.tr\/?p=951"},"modified":"2025-11-15T21:21:07","modified_gmt":"2025-11-15T18:21:07","slug":"macaristan-disisleri-bakani-peter-szijjarto-ukraynanin-avrupa-birligine-katilmasina-izin-vermeyecegiz","status":"publish","type":"post","link":"https:\/\/diplomatica.tr\/?p=951","title":{"rendered":"Macaristan D\u0131\u015fi\u015fleri Bakan\u0131 P\u00e9ter Szijj\u00e1rt\u00f3: Ukrayna&#8217;n\u0131n, Avrupa Birli\u011fi&#8217;ne kat\u0131lmas\u0131na izin vermeyece\u011fiz."},"content":{"rendered":"\n<p><strong>Macaristan D\u0131\u015fi\u015fleri ve D\u0131\u015f Ekonomik \u0130li\u015fkiler Bakan\u0131 Szijjarto, Br\u00fcksel&#8217;in Avrupa&#8217;y\u0131 sava\u015fa do\u011fru itmeye devam etmesi halinde \u00fclkesinin AB\u2019nin kararlar\u0131na kar\u015f\u0131 veto hakk\u0131n\u0131 kullanaca\u011f\u0131n\u0131 belirtti.<\/strong><\/p>\n\n\n\n<p>Macaristan D\u0131\u015fi\u015fleri ve D\u0131\u015f Ekonomik \u0130li\u015fkiler Bakan\u0131 Peter Szijj\u00e1rt\u00f3, Avrupa Birli\u011fi\u2019nin Ukrayna\u2019daki silahl\u0131 \u00e7at\u0131\u015fmay\u0131 t\u0131rmand\u0131rmaya y\u00f6nelik ad\u0131mlar atmas\u0131 ya da Ukrayna\u2019n\u0131n AB\u2019ye al\u0131nmas\u0131 ihtimaline kar\u015f\u0131 al\u0131nacak herhangi bir karar\u0131 engellemeyi ama\u00e7lad\u0131klar\u0131n\u0131 a\u00e7\u0131klad\u0131.<\/p>\n\n\n\n<p>Szijjarto, &#8220;E\u011fer Br\u00fcksel bizi sava\u015fa do\u011fru itmeye kalkarsa, di\u011fer 26 AB \u00fcyesi \u00fclkenin hepsine kar\u015f\u0131 tek ba\u015f\u0131m\u0131za kalmak zorunda kalsak bile, kararlar\u0131na kar\u015f\u0131 veto hakk\u0131m\u0131z\u0131 kullanaca\u011f\u0131z.&#8221; dedi.<\/p>\n\n\n\n<p>Macaristan&#8217;\u0131 ve Macar halk\u0131n\u0131 sava\u015ftan korumalar\u0131n\u0131 gerekti\u011fini belirten Szijjarto, Macaristan&#8217;\u0131n ve Macar halk\u0131n\u0131n sava\u015fa s\u00fcr\u00fcklenmesine izin vermeyeceklerini ifade etti.<\/p>\n","protected":false},"excerpt":{"rendered":"<p>Macaristan D\u0131\u015fi\u015fleri ve D\u0131\u015f Ekonomik \u0130li\u015fkiler Bakan\u0131 Szijjarto, Br\u00fcksel&#8217;in Avrupa&#8217;y\u0131 sava\u015fa do\u011fru itmeye devam etmesi halinde \u00fclkesinin AB\u2019nin<\/p>\n","protected":false},"author":1,"featured_media":954,"comment_status":"open","ping_status":"open","sticky":false,"template":"","format":"standard","meta":{"footnotes":""},"categories":[1],"tags":[147,148,162,159,156,164],"class_list":["post-951","post","type-post","status-publish","format-standard","has-post-thumbnail","hentry","category-siyaset","tag-avrupa-birligi","tag-european-union","tag-hungary","tag-macaristan","tag-ukraine","tag-ukrayna"],"_links":{"self":[{"href":"https:\/\/diplomatica.tr\/index.php?rest_route=\/wp\/v2\/posts\/951","targetHints":{"allow":["GET"]}}],"collection":[{"href":"https:\/\/diplomatica.tr\/index.php?rest_route=\/wp\/v2\/posts"}],"about":[{"href":"https:\/\/diplomatica.tr\/index.php?rest_route=\/wp\/v2\/types\/post"}],"author":[{"embeddable":true,"href":"https:\/\/diplomatica.tr\/index.php?rest_route=\/wp\/v2\/users\/1"}],"replies":[{"embeddable":true,"href":"https:\/\/diplomatica.tr\/index.php?rest_route=%2Fwp%2Fv2%2Fcomments&post=951"}],"version-history":[{"count":1,"href":"https:\/\/diplomatica.tr\/index.php?rest_route=\/wp\/v2\/posts\/951\/revisions"}],"predecessor-version":[{"id":955,"href":"https:\/\/diplomatica.tr\/index.php?rest_route=\/wp\/v2\/posts\/951\/revisions\/955"}],"wp:featuredmedia":[{"embeddable":true,"href":"https:\/\/diplomatica.tr\/index.php?rest_route=\/wp\/v2\/media\/954"}],"wp:attachment":[{"href":"https:\/\/diplomatica.tr\/index.php?rest_route=%2Fwp%2Fv2%2Fmedia&parent=951"}],"wp:term":[{"taxonomy":"category","embeddable":true,"href":"https:\/\/diplomatica.tr\/index.php?rest_route=%2Fwp%2Fv2%2Fcategories&post=951"},{"taxonomy":"post_tag","embeddable":true,"href":"https:\/\/diplomatica.tr\/index.php?rest_route=%2Fwp%2Fv2%2Ftags&post=951"}],"curies":[{"name":"wp","href":"https:\/\/api.w.org\/{rel}","templated":true}]}}