{"id":944,"date":"2025-11-09T23:14:59","date_gmt":"2025-11-09T20:14:59","guid":{"rendered":"https:\/\/diplomatica.tr\/?p=944"},"modified":"2025-11-09T23:15:05","modified_gmt":"2025-11-09T20:15:05","slug":"osym-yapay-zeka-destekli-soru-hazirlama-donemi-basliyor","status":"publish","type":"post","link":"https:\/\/diplomatica.tr\/?p=944","title":{"rendered":"\u00d6SYM: Yapay Zek\u00e2 Destekli Soru Haz\u0131rlama D\u00f6nemi Ba\u015fl\u0131yor"},"content":{"rendered":"\n<p><strong>\u00d6l\u00e7me, Se\u00e7me ve Yerle\u015ftirme Merkezi (\u00d6SYM) Ba\u015fkan\u0131 Bayram Ali Ersoy<\/strong>, kurumun s\u0131nav s\u00fcre\u00e7lerinde yapay zek\u00e2 (YZ) kullan\u0131m\u0131na ge\u00e7ilece\u011fini a\u00e7\u0131klad\u0131. Yeni model kapsam\u0131nda yapay zek\u00e2, s\u0131nav sorular\u0131n\u0131n olu\u015fturulmas\u0131 ve de\u011ferlendirilmesi s\u00fcre\u00e7lerinde aktif rol alacak.<\/p>\n\n\n\n<p>Ersoy, yapt\u0131\u011f\u0131 a\u00e7\u0131klamada, \u00f6zellikle&nbsp;<strong>dil s\u0131navlar\u0131nda yapay zek\u00e2 destekli soru \u00fcretimine pilot olarak ba\u015flanaca\u011f\u0131n\u0131<\/strong>, ilerleyen a\u015famalarda ise teknolojinin di\u011fer s\u0131navlara da uyarlanaca\u011f\u0131n\u0131 belirtti. A\u00e7\u0131klamada, yapay zek\u00e2n\u0131n s\u0131nav g\u00fcvenli\u011fi, tutarl\u0131l\u0131k, \u00f6l\u00e7me standartlar\u0131 ve soru \u00e7e\u015fitlili\u011fini art\u0131rma potansiyeline dikkat \u00e7ekildi.<\/p>\n\n\n\n<p>Buna kar\u015f\u0131n Ersoy, s\u00fcrecin tamamen dijital bir otomasyona d\u00f6n\u00fc\u015fmeyece\u011fini vurgulayarak \u201c<strong>Yapay zek\u00e2 soru \u00fcretecek ama insan fakt\u00f6r\u00fcn\u00fc ihmal etmeyece\u011fiz. Uzmanlar\u0131m\u0131z her soruyu \u00f6zg\u00fcnl\u00fck, benzerlik ve akademik do\u011fruluk a\u00e7\u0131s\u0131ndan kontrol edecek<\/strong>.\u201d ifadelerini kulland\u0131.<\/p>\n\n\n\n<figure class=\"wp-block-image size-large\"><img loading=\"lazy\" decoding=\"async\" width=\"1024\" height=\"576\" src=\"https:\/\/diplomatica.tr\/wp-content\/uploads\/2025\/11\/IMG_7469-1024x576.jpeg\" alt=\"\" class=\"wp-image-945\" srcset=\"https:\/\/diplomatica.tr\/wp-content\/uploads\/2025\/11\/IMG_7469-1024x576.jpeg 1024w, https:\/\/diplomatica.tr\/wp-content\/uploads\/2025\/11\/IMG_7469-300x169.jpeg 300w, https:\/\/diplomatica.tr\/wp-content\/uploads\/2025\/11\/IMG_7469-768x432.jpeg 768w, https:\/\/diplomatica.tr\/wp-content\/uploads\/2025\/11\/IMG_7469-1536x864.jpeg 1536w, https:\/\/diplomatica.tr\/wp-content\/uploads\/2025\/11\/IMG_7469.jpeg 1600w\" sizes=\"auto, (max-width: 1024px) 100vw, 1024px\" \/><\/figure>\n\n\n\n<blockquote class=\"wp-block-quote is-layout-flow wp-block-quote-is-layout-flow\">\n<figure class=\"wp-block-embed is-type-rich is-provider-twitter wp-block-embed-twitter\"><div class=\"wp-block-embed__wrapper\">\n<blockquote class=\"twitter-tweet\" data-width=\"550\" data-dnt=\"true\"><p lang=\"tr\" dir=\"ltr\">\u00d6SYM, yapay zeka ile soru haz\u0131rlamaya ba\u015flad\u0131. <a href=\"https:\/\/t.co\/2fNnBFTenz\">pic.twitter.com\/2fNnBFTenz<\/a><\/p>&mdash; BPT (@bpthaber) <a href=\"https:\/\/twitter.com\/bpthaber\/status\/1987396621206765860?ref_src=twsrc%5Etfw\">November 9, 2025<\/a><\/blockquote><script async src=\"https:\/\/platform.twitter.com\/widgets.js\" charset=\"utf-8\"><\/script>\n<\/div><\/figure>\n<\/blockquote>\n","protected":false},"excerpt":{"rendered":"<p>\u00d6l\u00e7me, Se\u00e7me ve Yerle\u015ftirme Merkezi (\u00d6SYM) Ba\u015fkan\u0131 Bayram Ali Ersoy, kurumun s\u0131nav s\u00fcre\u00e7lerinde yapay zek\u00e2 (YZ) kullan\u0131m\u0131na ge\u00e7ilece\u011fini<\/p>\n","protected":false},"author":3,"featured_media":0,"comment_status":"open","ping_status":"open","sticky":false,"template":"","format":"standard","meta":{"footnotes":""},"categories":[15],"tags":[],"class_list":["post-944","post","type-post","status-publish","format-standard","hentry","category-egitim"],"_links":{"self":[{"href":"https:\/\/diplomatica.tr\/index.php?rest_route=\/wp\/v2\/posts\/944","targetHints":{"allow":["GET"]}}],"collection":[{"href":"https:\/\/diplomatica.tr\/index.php?rest_route=\/wp\/v2\/posts"}],"about":[{"href":"https:\/\/diplomatica.tr\/index.php?rest_route=\/wp\/v2\/types\/post"}],"author":[{"embeddable":true,"href":"https:\/\/diplomatica.tr\/index.php?rest_route=\/wp\/v2\/users\/3"}],"replies":[{"embeddable":true,"href":"https:\/\/diplomatica.tr\/index.php?rest_route=%2Fwp%2Fv2%2Fcomments&post=944"}],"version-history":[{"count":1,"href":"https:\/\/diplomatica.tr\/index.php?rest_route=\/wp\/v2\/posts\/944\/revisions"}],"predecessor-version":[{"id":946,"href":"https:\/\/diplomatica.tr\/index.php?rest_route=\/wp\/v2\/posts\/944\/revisions\/946"}],"wp:attachment":[{"href":"https:\/\/diplomatica.tr\/index.php?rest_route=%2Fwp%2Fv2%2Fmedia&parent=944"}],"wp:term":[{"taxonomy":"category","embeddable":true,"href":"https:\/\/diplomatica.tr\/index.php?rest_route=%2Fwp%2Fv2%2Fcategories&post=944"},{"taxonomy":"post_tag","embeddable":true,"href":"https:\/\/diplomatica.tr\/index.php?rest_route=%2Fwp%2Fv2%2Ftags&post=944"}],"curies":[{"name":"wp","href":"https:\/\/api.w.org\/{rel}","templated":true}]}}