{"id":939,"date":"2025-11-09T22:48:02","date_gmt":"2025-11-09T19:48:02","guid":{"rendered":"https:\/\/diplomatica.tr\/?p=939"},"modified":"2025-11-09T22:48:08","modified_gmt":"2025-11-09T19:48:08","slug":"super-ligde-galatasaray-ve-fenerbahce-arasindaki-puan-farki-1e-indi","status":"publish","type":"post","link":"https:\/\/diplomatica.tr\/?p=939","title":{"rendered":"S\u00fcper Lig&#8217;de Galatasaray ve Fenerbah\u00e7e aras\u0131ndaki puan fark\u0131 1&#8217;e indi!"},"content":{"rendered":"\n<p>Bug\u00fcn S\u00fcper Lig&#8217;in zirvesini ilgilendiren ma\u00e7lar b\u00fcy\u00fck bir heyecana sahne oldu. \u00d6nce Kocaelispor, ligin zirvesinde yer alan ve 19 ma\u00e7l\u0131k bir galibiyet serisine sahip olan Galatasaray&#8217;\u0131 evinde 1-0 ile ge\u00e7erken, sonra Fenerbah\u00e7e evinde Kayserispor&#8217;u 4-2 ma\u011flup ederek ezeli rakibi Galatasaray ile puan fark\u0131n\u0131 1&#8217;e indirdi.<\/p>\n\n\n\n<p>Galatasaray ma\u00e7\u0131ndan ba\u015flayacak olursak, sar\u0131-k\u0131rm\u0131z\u0131l\u0131larda Hollanda deplasman\u0131 yorgunlu\u011fu belli oluyor. Ancak t\u00fcm su\u00e7u yorgunlukta aramak yanl\u0131\u015f olur. Bug\u00fcn Okan Buruk sahaya 4-4-2 sistemiyle \u00e7\u0131karak ma\u00e7\u0131 kaybetti. Icardi&#8217;yi kaybetmeme ad\u0131na Osimhen ile birlikte ba\u015flatsa da Bar\u0131\u015f Alper ve Icardi&#8217;nin formsuzlu\u011fu bug\u00fcn Galatasaray&#8217;\u0131 yakt\u0131. Kocaelispor ise bug\u00fcn taraftar\u2013tak\u0131m b\u00fct\u00fcnle\u015fmesiyle uzun s\u00fcredir Anadolu tak\u0131mlar\u0131nda g\u00f6r\u00fclmemi\u015f bir performans ortaya koyarak herkese adeta ders verdi.<\/p>\n\n\n\n<p>Fenerbah\u00e7e ma\u00e7\u0131na bakacak olursak, sar\u0131-lacivertliler ma\u00e7a tutuk ba\u015flad\u0131. Kayserispor&#8217;un kapanmas\u0131 Fenerbah\u00e7e&#8217;nin i\u015flerini zora sokup onu t\u0131kasa da ilk goldeki Talisca\u2013Asensio \u00e7al\u0131\u015fmas\u0131 kilidi k\u0131rd\u0131 ve Fenerbah\u00e7e bu golden sonra adeta a\u00e7\u0131ld\u0131. \u00d6nde bask\u0131 ve kanatlardan bindiren Fenerbah\u00e7e, Fred\u2013Asensio\u2013Kerem ve Nene&#8217;nin \u00fcst d\u00fczey performanslar\u0131yla ma\u00e7\u0131 almay\u0131 bildi ve teknik direkt\u00f6r Tedesco&#8217;nun y\u00fckselen formu devam etti.<\/p>\n\n\n\n<p>Bu sonu\u00e7larla iki ezeli rakip aras\u0131ndaki puan fark\u0131 1&#8217;e inerken g\u00f6zler 1 Aral\u0131k&#8217;ta oynanacak derbiye \u00e7evrildi.<\/p>\n","protected":false},"excerpt":{"rendered":"<p>Bug\u00fcn S\u00fcper Lig&#8217;in zirvesini ilgilendiren ma\u00e7lar b\u00fcy\u00fck bir heyecana sahne oldu. \u00d6nce Kocaelispor, ligin zirvesinde yer alan ve<\/p>\n","protected":false},"author":1,"featured_media":941,"comment_status":"open","ping_status":"open","sticky":false,"template":"","format":"standard","meta":{"footnotes":""},"categories":[8],"tags":[201,128,305],"class_list":["post-939","post","type-post","status-publish","format-standard","has-post-thumbnail","hentry","category-spor","tag-fenerbahce-2","tag-galatasaray","tag-super-lig"],"_links":{"self":[{"href":"https:\/\/diplomatica.tr\/index.php?rest_route=\/wp\/v2\/posts\/939","targetHints":{"allow":["GET"]}}],"collection":[{"href":"https:\/\/diplomatica.tr\/index.php?rest_route=\/wp\/v2\/posts"}],"about":[{"href":"https:\/\/diplomatica.tr\/index.php?rest_route=\/wp\/v2\/types\/post"}],"author":[{"embeddable":true,"href":"https:\/\/diplomatica.tr\/index.php?rest_route=\/wp\/v2\/users\/1"}],"replies":[{"embeddable":true,"href":"https:\/\/diplomatica.tr\/index.php?rest_route=%2Fwp%2Fv2%2Fcomments&post=939"}],"version-history":[{"count":1,"href":"https:\/\/diplomatica.tr\/index.php?rest_route=\/wp\/v2\/posts\/939\/revisions"}],"predecessor-version":[{"id":942,"href":"https:\/\/diplomatica.tr\/index.php?rest_route=\/wp\/v2\/posts\/939\/revisions\/942"}],"wp:featuredmedia":[{"embeddable":true,"href":"https:\/\/diplomatica.tr\/index.php?rest_route=\/wp\/v2\/media\/941"}],"wp:attachment":[{"href":"https:\/\/diplomatica.tr\/index.php?rest_route=%2Fwp%2Fv2%2Fmedia&parent=939"}],"wp:term":[{"taxonomy":"category","embeddable":true,"href":"https:\/\/diplomatica.tr\/index.php?rest_route=%2Fwp%2Fv2%2Fcategories&post=939"},{"taxonomy":"post_tag","embeddable":true,"href":"https:\/\/diplomatica.tr\/index.php?rest_route=%2Fwp%2Fv2%2Ftags&post=939"}],"curies":[{"name":"wp","href":"https:\/\/api.w.org\/{rel}","templated":true}]}}