{"id":935,"date":"2025-11-08T00:25:59","date_gmt":"2025-11-07T21:25:59","guid":{"rendered":"https:\/\/diplomatica.tr\/?p=935"},"modified":"2025-11-08T00:26:05","modified_gmt":"2025-11-07T21:26:05","slug":"donald-trump-macaristan-basbakani-viktor-orban-ile-beyaz-sarayda-bir-araya-geldi","status":"publish","type":"post","link":"https:\/\/diplomatica.tr\/?p=935","title":{"rendered":"Donald Trump, Macaristan Ba\u015fbakan\u0131 Viktor Orban ile Beyaz Saray\u2019da bir araya geldi."},"content":{"rendered":"\n<p>Bug\u00fcn ger\u00e7ekle\u015fen Trump\u2013Orban g\u00f6r\u00fc\u015fmesinde Rus petrol\u00fc, Avrupa i\u00e7erisindeki g\u00f6\u00e7ler ve Rusya-Ukrayna sava\u015f\u0131 ba\u015fta olmak \u00fczere pek \u00e7ok konu ele al\u0131nd\u0131.<\/p>\n\n\n\n<p>Rus petrol\u00fc i\u00e7in Trump, \u201cMacaristan&#8217;\u0131 Rus petrol\u00fcne uygulanan yapt\u0131r\u0131mlardan muaf tutmay\u0131 d\u00fc\u015f\u00fcn\u00fcyoruz.\u201d a\u00e7\u0131klamas\u0131nda bulundu.<\/p>\n\n\n\n<p>Avrupa i\u00e7erisindeki g\u00f6\u00e7ler konusunda Orban, Macaristan\u2019\u0131n tutumunun net oldu\u011funu belirterek \u201cBiz modern bir Hristiyan h\u00fck\u00fcmetiz.\u201d ifadesini kulland\u0131. Trump ise \u201cAvrupa\u2019ya g\u00f6\u00e7\u00fc durdurmazsan\u0131z, Avrupa diye bir \u015fey kalmayacak.\u201d s\u00f6zleriyle Avrupa\u2019daki mevcut duruma dikkat \u00e7ekti.<\/p>\n\n\n\n<p>Rusya-Ukrayna sava\u015f\u0131 hakk\u0131nda ise Ba\u015fbakan Orban, ABD Ba\u015fkan\u0131 Trump g\u00f6revde olsayd\u0131 Ukrayna\u2019daki sava\u015f\u0131n ya\u015fanmayaca\u011f\u0131n\u0131 dile getirirken, Ukrayna\u2019n\u0131n bu sava\u015f\u0131 kazanma ihtimalinin bulunmad\u0131\u011f\u0131n\u0131 ifade etti.<\/p>\n","protected":false},"excerpt":{"rendered":"<p>Bug\u00fcn ger\u00e7ekle\u015fen Trump\u2013Orban g\u00f6r\u00fc\u015fmesinde Rus petrol\u00fc, Avrupa i\u00e7erisindeki g\u00f6\u00e7ler ve Rusya-Ukrayna sava\u015f\u0131 ba\u015fta olmak \u00fczere pek \u00e7ok konu<\/p>\n","protected":false},"author":1,"featured_media":936,"comment_status":"open","ping_status":"open","sticky":false,"template":"","format":"standard","meta":{"footnotes":""},"categories":[1],"tags":[76,162,304,295,79,77],"class_list":["post-935","post","type-post","status-publish","format-standard","has-post-thumbnail","hentry","category-siyaset","tag-abd","tag-hungary","tag-macaristan-2","tag-orban","tag-trump","tag-usa"],"_links":{"self":[{"href":"https:\/\/diplomatica.tr\/index.php?rest_route=\/wp\/v2\/posts\/935","targetHints":{"allow":["GET"]}}],"collection":[{"href":"https:\/\/diplomatica.tr\/index.php?rest_route=\/wp\/v2\/posts"}],"about":[{"href":"https:\/\/diplomatica.tr\/index.php?rest_route=\/wp\/v2\/types\/post"}],"author":[{"embeddable":true,"href":"https:\/\/diplomatica.tr\/index.php?rest_route=\/wp\/v2\/users\/1"}],"replies":[{"embeddable":true,"href":"https:\/\/diplomatica.tr\/index.php?rest_route=%2Fwp%2Fv2%2Fcomments&post=935"}],"version-history":[{"count":1,"href":"https:\/\/diplomatica.tr\/index.php?rest_route=\/wp\/v2\/posts\/935\/revisions"}],"predecessor-version":[{"id":937,"href":"https:\/\/diplomatica.tr\/index.php?rest_route=\/wp\/v2\/posts\/935\/revisions\/937"}],"wp:featuredmedia":[{"embeddable":true,"href":"https:\/\/diplomatica.tr\/index.php?rest_route=\/wp\/v2\/media\/936"}],"wp:attachment":[{"href":"https:\/\/diplomatica.tr\/index.php?rest_route=%2Fwp%2Fv2%2Fmedia&parent=935"}],"wp:term":[{"taxonomy":"category","embeddable":true,"href":"https:\/\/diplomatica.tr\/index.php?rest_route=%2Fwp%2Fv2%2Fcategories&post=935"},{"taxonomy":"post_tag","embeddable":true,"href":"https:\/\/diplomatica.tr\/index.php?rest_route=%2Fwp%2Fv2%2Ftags&post=935"}],"curies":[{"name":"wp","href":"https:\/\/api.w.org\/{rel}","templated":true}]}}