{"id":931,"date":"2025-11-08T00:08:48","date_gmt":"2025-11-07T21:08:48","guid":{"rendered":"https:\/\/diplomatica.tr\/?p=931"},"modified":"2025-11-08T00:08:53","modified_gmt":"2025-11-07T21:08:53","slug":"son-dakika-turkiye-netanyahu-hakkinda-yakalama-karari-cikardi","status":"publish","type":"post","link":"https:\/\/diplomatica.tr\/?p=931","title":{"rendered":"SON DAK\u0130KA: T\u00fcrkiye, Netanyahu hakk\u0131nda yakalama karar\u0131 \u00e7\u0131kard\u0131!"},"content":{"rendered":"\n<p><strong>T\u00fcrkiye, Netanyahu\u2019nun da aralar\u0131nda bulundu\u011fu 37 \u0130srailli yetkili hakk\u0131nda \u201c\u0130nsanl\u0131\u011fa Kar\u015f\u0131 Su\u00e7lar\u201d ve \u201cSoyk\u0131r\u0131m\u201d su\u00e7lar\u0131ndan yakalama emri \u00e7\u0131kard\u0131.<\/strong><\/p>\n\n\n\n<p>Yakalama karar\u0131 \u00e7\u0131kart\u0131lan di\u011fer isimler: <\/p>\n\n\n\n<p> \u0130srail Ba\u015fbakan\u0131 Netanyahu , Savunma Bakan\u0131 Katz , S\u0131n\u0131r G\u00fcvenli\u011fi Bakan\u0131 Ben Gvir , Genel Kurmay Ba\u015fkan\u0131 Eyal Zamir , Deniz Kuvvetleri Komutan\u0131 Salama ve 37 \u015f\u00fcpheli.<\/p>\n\n\n\n<p>\u0130stanbul Cumhuriyet Ba\u015fsavc\u0131l\u0131\u011f\u0131 yapt\u0131\u011f\u0131 a\u00e7\u0131klamada &#8220;\u0130srail Ba\u015fbakan\u0131 Benjamin Netanyahu hakk\u0131nda \u2018\u0130nsanl\u0131\u011fa Kar\u015f\u0131 Su\u00e7lar\u2019 ve &#8216;Soyk\u0131r\u0131m&#8217; su\u00e7lar\u0131ndan tutuklamaya y\u00f6nelik yakalama emri d\u00fczenlenmi\u015ftir.&#8221; ifadelerini kulland\u0131.<\/p>\n\n\n\n<figure class=\"wp-block-embed is-type-rich is-provider-twitter wp-block-embed-twitter\"><div class=\"wp-block-embed__wrapper\">\n<blockquote class=\"twitter-tweet\" data-width=\"550\" data-dnt=\"true\"><p lang=\"zxx\" dir=\"ltr\"><a href=\"https:\/\/t.co\/mOVd9VDbwz\">pic.twitter.com\/mOVd9VDbwz<\/a><\/p>&mdash; \u0130stanbul Cumhuriyet Ba\u015fsavc\u0131l\u0131\u011f\u0131 (@istanbulCBS) <a href=\"https:\/\/twitter.com\/istanbulCBS\/status\/1986842710276186127?ref_src=twsrc%5Etfw\">November 7, 2025<\/a><\/blockquote><script async src=\"https:\/\/platform.twitter.com\/widgets.js\" charset=\"utf-8\"><\/script>\n<\/div><\/figure>\n","protected":false},"excerpt":{"rendered":"<p>T\u00fcrkiye, Netanyahu\u2019nun da aralar\u0131nda bulundu\u011fu 37 \u0130srailli yetkili hakk\u0131nda \u201c\u0130nsanl\u0131\u011fa Kar\u015f\u0131 Su\u00e7lar\u201d ve \u201cSoyk\u0131r\u0131m\u201d su\u00e7lar\u0131ndan yakalama emri \u00e7\u0131kard\u0131.<\/p>\n","protected":false},"author":1,"featured_media":933,"comment_status":"open","ping_status":"open","sticky":false,"template":"","format":"standard","meta":{"footnotes":""},"categories":[1],"tags":[106,103,226,78,13],"class_list":["post-931","post","type-post","status-publish","format-standard","has-post-thumbnail","hentry","category-siyaset","tag-israel","tag-israil","tag-netanyahu","tag-turkey","tag-turkiye"],"_links":{"self":[{"href":"https:\/\/diplomatica.tr\/index.php?rest_route=\/wp\/v2\/posts\/931","targetHints":{"allow":["GET"]}}],"collection":[{"href":"https:\/\/diplomatica.tr\/index.php?rest_route=\/wp\/v2\/posts"}],"about":[{"href":"https:\/\/diplomatica.tr\/index.php?rest_route=\/wp\/v2\/types\/post"}],"author":[{"embeddable":true,"href":"https:\/\/diplomatica.tr\/index.php?rest_route=\/wp\/v2\/users\/1"}],"replies":[{"embeddable":true,"href":"https:\/\/diplomatica.tr\/index.php?rest_route=%2Fwp%2Fv2%2Fcomments&post=931"}],"version-history":[{"count":1,"href":"https:\/\/diplomatica.tr\/index.php?rest_route=\/wp\/v2\/posts\/931\/revisions"}],"predecessor-version":[{"id":934,"href":"https:\/\/diplomatica.tr\/index.php?rest_route=\/wp\/v2\/posts\/931\/revisions\/934"}],"wp:featuredmedia":[{"embeddable":true,"href":"https:\/\/diplomatica.tr\/index.php?rest_route=\/wp\/v2\/media\/933"}],"wp:attachment":[{"href":"https:\/\/diplomatica.tr\/index.php?rest_route=%2Fwp%2Fv2%2Fmedia&parent=931"}],"wp:term":[{"taxonomy":"category","embeddable":true,"href":"https:\/\/diplomatica.tr\/index.php?rest_route=%2Fwp%2Fv2%2Fcategories&post=931"},{"taxonomy":"post_tag","embeddable":true,"href":"https:\/\/diplomatica.tr\/index.php?rest_route=%2Fwp%2Fv2%2Ftags&post=931"}],"curies":[{"name":"wp","href":"https:\/\/api.w.org\/{rel}","templated":true}]}}