{"id":927,"date":"2025-11-06T19:19:47","date_gmt":"2025-11-06T16:19:47","guid":{"rendered":"https:\/\/diplomatica.tr\/?p=927"},"modified":"2025-11-06T19:19:53","modified_gmt":"2025-11-06T16:19:53","slug":"new-yorkun-ilk-musluman-belediye-baskan-adayi-mamdani-sandiktan-zaferle-cikti","status":"publish","type":"post","link":"https:\/\/diplomatica.tr\/?p=927","title":{"rendered":"New York&#8217;un ilk M\u00fcsl\u00fcman Belediye ba\u015fkan aday\u0131 Mamdani, sand\u0131ktan zaferle \u00e7\u0131kt\u0131."},"content":{"rendered":"\n<p>Ge\u00e7ti\u011fimiz g\u00fcnlerde ger\u00e7ekle\u015ftirilen New York se\u00e7imlerinde Zohran Mamdani, sand\u0131ktan lider \u00e7\u0131karak New York\u2019un 111. belediye ba\u015fkan\u0131, ayr\u0131ca ilk M\u00fcsl\u00fcman belediye ba\u015fkan\u0131 olma unvan\u0131n\u0131 kazand\u0131. Bu sonu\u00e7la kendini demokratik sosyalist olarak tan\u0131mlayan bir isim, finans\u0131n ba\u015fkentini y\u00f6netme hakk\u0131n\u0131 elinde bulunduracak.<\/p>\n\n\n\n<p>Se\u00e7imlerde Demokrat Parti \u00fcyesi Mamdani belediye se\u00e7imlerinde oylar\u0131n y\u00fczde 50,4\u2019\u00fcn\u00fc al\u0131rken, \u00f6n se\u00e7imlerde Mamdani\u2019ye yenildikten sonra ba\u011f\u0131ms\u0131z aday olarak yar\u0131\u015fan eski Vali Andrew Cuomo y\u00fczde 41,6 oyda kald\u0131.<\/p>\n\n\n\n<p>B\u00f6ylece Demokratlar, ge\u00e7ti\u011fimiz y\u0131l ba\u015fkanl\u0131k se\u00e7imini Donald Trump\u2019a kaybettikten sonra ilk kez valilik se\u00e7imlerinde ciddi bir zafer elde etmi\u015f oldu.<\/p>\n\n\n\n<p>Elde edilen zafer sonras\u0131 halka hitap eden Mamdani, konu\u015fmas\u0131nda Ba\u015fkan Trump&#8217;a y\u00fcklendi.<\/p>\n\n\n\n<p>Mamdani: <\/p>\n\n\n\n<p>&#8220;Trump, beni duydu\u011funu biliyorum; sesi a\u00e7. Ben M\u00fcsl\u00fcman\u0131m, demokratik bir sosyalistim ve g\u00f6\u00e7menim. ABD bir g\u00f6\u00e7men \u00fclkesi ve her zaman da \u00f6yle kalacak ve t\u00fcm bunlar i\u00e7in \u00f6z\u00fcr dilemeyi reddediyorum.&#8221; ifadelerini kulland\u0131.<\/p>\n","protected":false},"excerpt":{"rendered":"<p>Ge\u00e7ti\u011fimiz g\u00fcnlerde ger\u00e7ekle\u015ftirilen New York se\u00e7imlerinde Zohran Mamdani, sand\u0131ktan lider \u00e7\u0131karak New York\u2019un 111. belediye ba\u015fkan\u0131, ayr\u0131ca ilk<\/p>\n","protected":false},"author":1,"featured_media":928,"comment_status":"open","ping_status":"open","sticky":false,"template":"","format":"standard","meta":{"footnotes":""},"categories":[1],"tags":[76,85,302,303,84,79,77],"class_list":["post-927","post","type-post","status-publish","format-standard","has-post-thumbnail","hentry","category-siyaset","tag-abd","tag-election","tag-mamdani","tag-new-york","tag-secim","tag-trump","tag-usa"],"_links":{"self":[{"href":"https:\/\/diplomatica.tr\/index.php?rest_route=\/wp\/v2\/posts\/927","targetHints":{"allow":["GET"]}}],"collection":[{"href":"https:\/\/diplomatica.tr\/index.php?rest_route=\/wp\/v2\/posts"}],"about":[{"href":"https:\/\/diplomatica.tr\/index.php?rest_route=\/wp\/v2\/types\/post"}],"author":[{"embeddable":true,"href":"https:\/\/diplomatica.tr\/index.php?rest_route=\/wp\/v2\/users\/1"}],"replies":[{"embeddable":true,"href":"https:\/\/diplomatica.tr\/index.php?rest_route=%2Fwp%2Fv2%2Fcomments&post=927"}],"version-history":[{"count":1,"href":"https:\/\/diplomatica.tr\/index.php?rest_route=\/wp\/v2\/posts\/927\/revisions"}],"predecessor-version":[{"id":930,"href":"https:\/\/diplomatica.tr\/index.php?rest_route=\/wp\/v2\/posts\/927\/revisions\/930"}],"wp:featuredmedia":[{"embeddable":true,"href":"https:\/\/diplomatica.tr\/index.php?rest_route=\/wp\/v2\/media\/928"}],"wp:attachment":[{"href":"https:\/\/diplomatica.tr\/index.php?rest_route=%2Fwp%2Fv2%2Fmedia&parent=927"}],"wp:term":[{"taxonomy":"category","embeddable":true,"href":"https:\/\/diplomatica.tr\/index.php?rest_route=%2Fwp%2Fv2%2Fcategories&post=927"},{"taxonomy":"post_tag","embeddable":true,"href":"https:\/\/diplomatica.tr\/index.php?rest_route=%2Fwp%2Fv2%2Ftags&post=927"}],"curies":[{"name":"wp","href":"https:\/\/api.w.org\/{rel}","templated":true}]}}