{"id":923,"date":"2025-11-02T23:37:01","date_gmt":"2025-11-02T20:37:01","guid":{"rendered":"https:\/\/diplomatica.tr\/?p=923"},"modified":"2025-11-02T23:37:07","modified_gmt":"2025-11-02T20:37:07","slug":"fenerbahceden-tarihi-geri-donus","status":"publish","type":"post","link":"https:\/\/diplomatica.tr\/?p=923","title":{"rendered":"FENERBAH\u00c7E&#8217;DEN TAR\u0130H\u0130 GER\u0130 D\u00d6N\u00dc\u015e!"},"content":{"rendered":"\n<p>Fenerbah\u00e7e, 2-0 geriye d\u00fc\u015ft\u00fc\u011f\u00fc S\u00fcper Lig&#8217;in 11. hafta ma\u00e7\u0131nda Be\u015fikta\u015f&#8217;\u0131 tarihi bir geri d\u00f6n\u00fc\u015fle deplasmanda 3-2 ma\u011flup etti.<\/p>\n\n\n\n<p>Be\u015fikta\u015f, 5. dakikada El Bilal Toure ile \u00f6ne ge\u00e7ti. Emirhan Top\u00e7u, 22. dakikada fark\u0131 2&#8217;ye \u00e7\u0131karan gol\u00fc kaydetti.<\/p>\n\n\n\n<p>Siyah-beyazl\u0131larda Orkun K\u00f6k\u00e7\u00fc&#8217;n\u00fcn 26. dakikada k\u0131rm\u0131z\u0131 kart g\u00f6rmesi belki de farka gidecek Be\u015fikta\u015f&#8217;\u0131n elini kolunu ba\u011flad\u0131.<\/p>\n\n\n\n<p>Rakibinin 10 ki\u015fi kalmas\u0131n\u0131 f\u0131rsat bilen Fenerbah\u00e7e, oyuna a\u011f\u0131rl\u0131\u011f\u0131n\u0131 koyarak 32. dakikada \u0130smail Y\u00fcksek ve 45+3. dakikada Asensio&#8217;nun golleriyle beraberli\u011fi sa\u011flad\u0131. Son s\u00f6z\u00fc ise 83. dakikada Jhon Duran s\u00f6yledi.<\/p>\n\n\n\n<p> Domenico Tedesco&#8217;nun haftalar ge\u00e7tik\u00e7e artan performans\u0131yla y\u00fckseli\u015fe ge\u00e7en Fenerbah\u00e7e, puan\u0131n\u0131 25 yapt\u0131 ve lider Galatasaray ile fark\u0131 4&#8217;e d\u00fc\u015f\u00fcrd\u00fc. Be\u015fikta\u015f ise 17 puanda kald\u0131.<\/p>\n","protected":false},"excerpt":{"rendered":"<p>Fenerbah\u00e7e, 2-0 geriye d\u00fc\u015ft\u00fc\u011f\u00fc S\u00fcper Lig&#8217;in 11. hafta ma\u00e7\u0131nda Be\u015fikta\u015f&#8217;\u0131 tarihi bir geri d\u00f6n\u00fc\u015fle deplasmanda 3-2 ma\u011flup etti.<\/p>\n","protected":false},"author":1,"featured_media":925,"comment_status":"open","ping_status":"open","sticky":false,"template":"","format":"standard","meta":{"footnotes":""},"categories":[8],"tags":[207,208,301,201],"class_list":["post-923","post","type-post","status-publish","format-standard","has-post-thumbnail","hentry","category-spor","tag-besiktas","tag-derbi","tag-derby","tag-fenerbahce-2"],"_links":{"self":[{"href":"https:\/\/diplomatica.tr\/index.php?rest_route=\/wp\/v2\/posts\/923","targetHints":{"allow":["GET"]}}],"collection":[{"href":"https:\/\/diplomatica.tr\/index.php?rest_route=\/wp\/v2\/posts"}],"about":[{"href":"https:\/\/diplomatica.tr\/index.php?rest_route=\/wp\/v2\/types\/post"}],"author":[{"embeddable":true,"href":"https:\/\/diplomatica.tr\/index.php?rest_route=\/wp\/v2\/users\/1"}],"replies":[{"embeddable":true,"href":"https:\/\/diplomatica.tr\/index.php?rest_route=%2Fwp%2Fv2%2Fcomments&post=923"}],"version-history":[{"count":1,"href":"https:\/\/diplomatica.tr\/index.php?rest_route=\/wp\/v2\/posts\/923\/revisions"}],"predecessor-version":[{"id":926,"href":"https:\/\/diplomatica.tr\/index.php?rest_route=\/wp\/v2\/posts\/923\/revisions\/926"}],"wp:featuredmedia":[{"embeddable":true,"href":"https:\/\/diplomatica.tr\/index.php?rest_route=\/wp\/v2\/media\/925"}],"wp:attachment":[{"href":"https:\/\/diplomatica.tr\/index.php?rest_route=%2Fwp%2Fv2%2Fmedia&parent=923"}],"wp:term":[{"taxonomy":"category","embeddable":true,"href":"https:\/\/diplomatica.tr\/index.php?rest_route=%2Fwp%2Fv2%2Fcategories&post=923"},{"taxonomy":"post_tag","embeddable":true,"href":"https:\/\/diplomatica.tr\/index.php?rest_route=%2Fwp%2Fv2%2Ftags&post=923"}],"curies":[{"name":"wp","href":"https:\/\/api.w.org\/{rel}","templated":true}]}}