{"id":916,"date":"2025-11-01T17:54:26","date_gmt":"2025-11-01T14:54:26","guid":{"rendered":"https:\/\/diplomatica.tr\/?p=916"},"modified":"2025-11-01T17:54:32","modified_gmt":"2025-11-01T14:54:32","slug":"almanya-basbakani-merz-turkiyeyi-avrupa-birliginde-gormek-istiyoruz","status":"publish","type":"post","link":"https:\/\/diplomatica.tr\/?p=916","title":{"rendered":"Almanya Ba\u015fbakan\u0131 Merz: &#8220;T\u00fcrkiye&#8217;yi Avrupa Birli\u011fi&#8217;nde g\u00f6rmek istiyoruz.&#8221;"},"content":{"rendered":"\n<p>Ge\u00e7ti\u011fimiz g\u00fcnlerde Ankara&#8217;ya gelen Almanya Ba\u015fbakan\u0131 Friedrich Merz, Erdo\u011fan ile bir g\u00f6r\u00fc\u015fme ger\u00e7ekle\u015ftirdi.<\/p>\n\n\n\n<p>G\u00f6r\u00fc\u015fme sonras\u0131 iki lider bas\u0131na ortak a\u00e7\u0131klamalarda bulundu.<\/p>\n\n\n\n<p>G\u00f6r\u00fc\u015fmeye damga vuran hususlar, Almanya&#8217;n\u0131n T\u00fcrkiye&#8217;yi AB&#8217;ye daveti ve \u0130srail-Filistin meselesi oldu.<\/p>\n\n\n\n<p>Merz&#8217;in \u201cT\u00fcrkiye&#8217;yi Avrupa Birli\u011fi&#8217;nde g\u00f6rmek istiyoruz.\u201d ifadelerine kar\u015f\u0131 Erdo\u011fan, T\u00fcrkiye&#8217;nin s\u0131radan bir \u00fclke olmad\u0131\u011f\u0131n\u0131 ve AB&#8217;nin Kopenhag Kriterleri&#8217;ne kar\u015f\u0131 T\u00fcrkiye&#8217;nin de Ankara Kriterleri oldu\u011funu belirtti.<\/p>\n\n\n\n<p>\u0130srail-Filistin krizinde ise Merz&#8217;in \u201c\u0130srail kendini savunma hakk\u0131n\u0131 kullanm\u0131\u015ft\u0131r.\u201d yorumuna, Cumhurba\u015fkan\u0131 Erdo\u011fan \u201cSize kat\u0131lm\u0131yorum. 60.000 can gitti. \u0130srail d\u00fcn ak\u015fam bombalarla Gazze\u2019yi vurmu\u015ftur. Almanya olarak bunlar\u0131 g\u00f6rm\u00fcyor musunuz?\u201d ifadelerini kulland\u0131.<\/p>\n\n\n\n<p><br><\/p>\n","protected":false},"excerpt":{"rendered":"<p>Ge\u00e7ti\u011fimiz g\u00fcnlerde Ankara&#8217;ya gelen Almanya Ba\u015fbakan\u0131 Friedrich Merz, Erdo\u011fan ile bir g\u00f6r\u00fc\u015fme ger\u00e7ekle\u015ftirdi. G\u00f6r\u00fc\u015fme sonras\u0131 iki lider bas\u0131na<\/p>\n","protected":false},"author":1,"featured_media":917,"comment_status":"open","ping_status":"open","sticky":false,"template":"","format":"standard","meta":{"footnotes":""},"categories":[1],"tags":[188,147,80,148,189,299,78,13],"class_list":["post-916","post","type-post","status-publish","format-standard","has-post-thumbnail","hentry","category-siyaset","tag-almanya","tag-avrupa-birligi","tag-erdogan","tag-european-union","tag-germany","tag-merz","tag-turkey","tag-turkiye"],"_links":{"self":[{"href":"https:\/\/diplomatica.tr\/index.php?rest_route=\/wp\/v2\/posts\/916","targetHints":{"allow":["GET"]}}],"collection":[{"href":"https:\/\/diplomatica.tr\/index.php?rest_route=\/wp\/v2\/posts"}],"about":[{"href":"https:\/\/diplomatica.tr\/index.php?rest_route=\/wp\/v2\/types\/post"}],"author":[{"embeddable":true,"href":"https:\/\/diplomatica.tr\/index.php?rest_route=\/wp\/v2\/users\/1"}],"replies":[{"embeddable":true,"href":"https:\/\/diplomatica.tr\/index.php?rest_route=%2Fwp%2Fv2%2Fcomments&post=916"}],"version-history":[{"count":1,"href":"https:\/\/diplomatica.tr\/index.php?rest_route=\/wp\/v2\/posts\/916\/revisions"}],"predecessor-version":[{"id":918,"href":"https:\/\/diplomatica.tr\/index.php?rest_route=\/wp\/v2\/posts\/916\/revisions\/918"}],"wp:featuredmedia":[{"embeddable":true,"href":"https:\/\/diplomatica.tr\/index.php?rest_route=\/wp\/v2\/media\/917"}],"wp:attachment":[{"href":"https:\/\/diplomatica.tr\/index.php?rest_route=%2Fwp%2Fv2%2Fmedia&parent=916"}],"wp:term":[{"taxonomy":"category","embeddable":true,"href":"https:\/\/diplomatica.tr\/index.php?rest_route=%2Fwp%2Fv2%2Fcategories&post=916"},{"taxonomy":"post_tag","embeddable":true,"href":"https:\/\/diplomatica.tr\/index.php?rest_route=%2Fwp%2Fv2%2Ftags&post=916"}],"curies":[{"name":"wp","href":"https:\/\/api.w.org\/{rel}","templated":true}]}}