{"id":912,"date":"2025-11-01T00:47:55","date_gmt":"2025-10-31T21:47:55","guid":{"rendered":"https:\/\/diplomatica.tr\/?p=912"},"modified":"2025-11-01T00:48:01","modified_gmt":"2025-10-31T21:48:01","slug":"2025-kasim-ara-tatili-tarihleri-belli-oldu","status":"publish","type":"post","link":"https:\/\/diplomatica.tr\/?p=912","title":{"rendered":"2025 Kas\u0131m Ara Tatili Tarihleri Belli Oldu"},"content":{"rendered":"\n<p>Milli E\u011fitim Bakanl\u0131\u011f\u0131 (MEB), 2025-2026 e\u011fitim-\u00f6\u011fretim y\u0131l\u0131 i\u00e7in ara tatil tarihlerini a\u00e7\u0131klad\u0131. Buna g\u00f6re, ilk ara tatil&nbsp;<strong>10-14 Kas\u0131m 2025<\/strong>&nbsp;tarihleri aras\u0131nda yap\u0131lacak. \u00d6\u011frenciler, be\u015f g\u00fcnl\u00fck tatilin ard\u0131ndan&nbsp;<strong>17 Kas\u0131m Pazartesi g\u00fcn\u00fc<\/strong>&nbsp;yeniden ders ba\u015f\u0131 yapacak.<\/p>\n\n\n\n<p>Bakanl\u0131k taraf\u0131ndan yap\u0131lan duyuruda, \u00f6\u011fretmenlerin bu d\u00f6nemdeki&nbsp;<strong>mesleki geli\u015fim seminerlerini \u00e7evrim i\u00e7i<\/strong>&nbsp;olarak tamamlayaca\u011f\u0131 belirtildi. B\u00f6ylece \u00f6\u011fretmenlerin, ara tatil boyunca bulunduklar\u0131 \u015fehirlerden ayr\u0131lmadan seminerlere kat\u0131labilmesi sa\u011flanacak.<\/p>\n\n\n\n<p>MEB kaynaklar\u0131, \u00e7evrim i\u00e7i seminer uygulamas\u0131n\u0131n hem&nbsp;<strong>zaman tasarrufu<\/strong>&nbsp;hem de&nbsp;<strong>kat\u0131l\u0131m oran\u0131n\u0131 art\u0131rma<\/strong>&nbsp;a\u00e7\u0131s\u0131ndan olumlu sonu\u00e7lar verdi\u011fini bildirdi. Ge\u00e7ti\u011fimiz y\u0131llarda da benzer uygulamalar\u0131n \u00f6\u011fretmenler taraf\u0131ndan olumlu kar\u015f\u0131land\u0131\u011f\u0131 kaydedildi.<\/p>\n\n\n\n<figure class=\"wp-block-image size-large\"><img loading=\"lazy\" decoding=\"async\" width=\"1024\" height=\"576\" src=\"https:\/\/diplomatica.tr\/wp-content\/uploads\/2025\/11\/IMG_7190-1024x576.webp\" alt=\"\" class=\"wp-image-913\" srcset=\"https:\/\/diplomatica.tr\/wp-content\/uploads\/2025\/11\/IMG_7190-1024x576.webp 1024w, https:\/\/diplomatica.tr\/wp-content\/uploads\/2025\/11\/IMG_7190-300x169.webp 300w, https:\/\/diplomatica.tr\/wp-content\/uploads\/2025\/11\/IMG_7190-768x432.webp 768w, https:\/\/diplomatica.tr\/wp-content\/uploads\/2025\/11\/IMG_7190.webp 1280w\" sizes=\"auto, (max-width: 1024px) 100vw, 1024px\" \/><\/figure>\n","protected":false},"excerpt":{"rendered":"<p>Milli E\u011fitim Bakanl\u0131\u011f\u0131 (MEB), 2025-2026 e\u011fitim-\u00f6\u011fretim y\u0131l\u0131 i\u00e7in ara tatil tarihlerini a\u00e7\u0131klad\u0131. Buna g\u00f6re, ilk ara tatil&nbsp;10-14 Kas\u0131m<\/p>\n","protected":false},"author":3,"featured_media":0,"comment_status":"open","ping_status":"open","sticky":false,"template":"","format":"standard","meta":{"footnotes":""},"categories":[15],"tags":[],"class_list":["post-912","post","type-post","status-publish","format-standard","hentry","category-egitim"],"_links":{"self":[{"href":"https:\/\/diplomatica.tr\/index.php?rest_route=\/wp\/v2\/posts\/912","targetHints":{"allow":["GET"]}}],"collection":[{"href":"https:\/\/diplomatica.tr\/index.php?rest_route=\/wp\/v2\/posts"}],"about":[{"href":"https:\/\/diplomatica.tr\/index.php?rest_route=\/wp\/v2\/types\/post"}],"author":[{"embeddable":true,"href":"https:\/\/diplomatica.tr\/index.php?rest_route=\/wp\/v2\/users\/3"}],"replies":[{"embeddable":true,"href":"https:\/\/diplomatica.tr\/index.php?rest_route=%2Fwp%2Fv2%2Fcomments&post=912"}],"version-history":[{"count":1,"href":"https:\/\/diplomatica.tr\/index.php?rest_route=\/wp\/v2\/posts\/912\/revisions"}],"predecessor-version":[{"id":914,"href":"https:\/\/diplomatica.tr\/index.php?rest_route=\/wp\/v2\/posts\/912\/revisions\/914"}],"wp:attachment":[{"href":"https:\/\/diplomatica.tr\/index.php?rest_route=%2Fwp%2Fv2%2Fmedia&parent=912"}],"wp:term":[{"taxonomy":"category","embeddable":true,"href":"https:\/\/diplomatica.tr\/index.php?rest_route=%2Fwp%2Fv2%2Fcategories&post=912"},{"taxonomy":"post_tag","embeddable":true,"href":"https:\/\/diplomatica.tr\/index.php?rest_route=%2Fwp%2Fv2%2Ftags&post=912"}],"curies":[{"name":"wp","href":"https:\/\/api.w.org\/{rel}","templated":true}]}}