{"id":905,"date":"2025-10-30T13:48:02","date_gmt":"2025-10-30T10:48:02","guid":{"rendered":"https:\/\/diplomatica.tr\/?p=905"},"modified":"2025-10-30T13:48:07","modified_gmt":"2025-10-30T10:48:07","slug":"almanya-basbakani-friedrich-merz-bugun-ankarada-cumhurbaskani-tayyip-erdogan-ile-gorusecek","status":"publish","type":"post","link":"https:\/\/diplomatica.tr\/?p=905","title":{"rendered":"Almanya Ba\u015fbakan\u0131 Friedrich Merz bug\u00fcn Ankara&#8217;da Cumhurba\u015fkan\u0131 Tayyip Erdo\u011fan ile g\u00f6r\u00fc\u015fecek"},"content":{"rendered":"\n<p>Almanya Ba\u015fbakan\u0131 Merz, Cumhurba\u015fkan\u0131 Erdo\u011fan ile g\u00f6r\u00fc\u015fmek i\u00e7in T\u00fcrkiye&#8217;ye geldi.<\/p>\n\n\n\n<p>Merz kendisinin resmi X hesab\u0131ndan yapt\u0131\u011f\u0131 a\u00e7\u0131klamada:<\/p>\n\n\n\n<p>&#8220;T\u00fcrkiye ile d\u0131\u015f politika ve g\u00fcvenlik politikalar\u0131n\u0131n yan\u0131 s\u0131ra g\u00f6\u00e7, enerji ve ticaret alanlar\u0131nda da \u00f6zel ve \u00e7ok y\u00f6nl\u00fc ili\u015fkilerimiz var. Yak\u0131n ortakl\u0131\u011f\u0131m\u0131z\u0131 daha da geni\u015fletmek istiyorum. Bu ama\u00e7la Ankara&#8217;day\u0131m ve Cumhurba\u015fkan\u0131 Erdo\u011fan\u2019la g\u00f6r\u00fc\u015fece\u011fim.&#8221; ifadelerini kulland\u0131.<\/p>\n\n\n\n<p><strong>Merz Ankara&#8217;ya \u00f6zellikle T\u00fcrk vatanda\u015flar\u0131n\u0131n s\u0131n\u0131r d\u0131\u015f\u0131 edilmeleri de dahil g\u00f6\u00e7 ve savunma dosyalar\u0131na odaklanan kritik bir g\u00fcndemle geldi.<\/strong><\/p>\n\n\n\n<figure class=\"wp-block-embed is-type-rich is-provider-twitter wp-block-embed-twitter\"><div class=\"wp-block-embed__wrapper\">\n<blockquote class=\"twitter-tweet\" data-width=\"550\" data-dnt=\"true\"><p lang=\"de\" dir=\"ltr\">Mit der T\u00fcrkei verbinden uns besondere und vielf\u00e4ltige Beziehungen: in au\u00dfen- und sicherheitspolitischen Fragen, aber auch in den Bereichen Migration, Energie und Handel. Unsere enge Partnerschaft will ich weiter ausbauen. Daf\u00fcr bin ich in Ankara und treffe mich mit <a href=\"https:\/\/twitter.com\/RTErdogan?ref_src=twsrc%5Etfw\">@RTErdogan<\/a>. <a href=\"https:\/\/t.co\/B4JrnsZ9yi\">pic.twitter.com\/B4JrnsZ9yi<\/a><\/p>&mdash; Bundeskanzler Friedrich Merz (@bundeskanzler) <a href=\"https:\/\/twitter.com\/bundeskanzler\/status\/1983621692665819254?ref_src=twsrc%5Etfw\">October 29, 2025<\/a><\/blockquote><script async src=\"https:\/\/platform.twitter.com\/widgets.js\" charset=\"utf-8\"><\/script>\n<\/div><\/figure>\n","protected":false},"excerpt":{"rendered":"<p>Almanya Ba\u015fbakan\u0131 Merz, Cumhurba\u015fkan\u0131 Erdo\u011fan ile g\u00f6r\u00fc\u015fmek i\u00e7in T\u00fcrkiye&#8217;ye geldi. Merz kendisinin resmi X hesab\u0131ndan yapt\u0131\u011f\u0131 a\u00e7\u0131klamada: &#8220;T\u00fcrkiye<\/p>\n","protected":false},"author":1,"featured_media":909,"comment_status":"open","ping_status":"open","sticky":false,"template":"","format":"standard","meta":{"footnotes":""},"categories":[1],"tags":[],"class_list":["post-905","post","type-post","status-publish","format-standard","has-post-thumbnail","hentry","category-siyaset"],"_links":{"self":[{"href":"https:\/\/diplomatica.tr\/index.php?rest_route=\/wp\/v2\/posts\/905","targetHints":{"allow":["GET"]}}],"collection":[{"href":"https:\/\/diplomatica.tr\/index.php?rest_route=\/wp\/v2\/posts"}],"about":[{"href":"https:\/\/diplomatica.tr\/index.php?rest_route=\/wp\/v2\/types\/post"}],"author":[{"embeddable":true,"href":"https:\/\/diplomatica.tr\/index.php?rest_route=\/wp\/v2\/users\/1"}],"replies":[{"embeddable":true,"href":"https:\/\/diplomatica.tr\/index.php?rest_route=%2Fwp%2Fv2%2Fcomments&post=905"}],"version-history":[{"count":1,"href":"https:\/\/diplomatica.tr\/index.php?rest_route=\/wp\/v2\/posts\/905\/revisions"}],"predecessor-version":[{"id":910,"href":"https:\/\/diplomatica.tr\/index.php?rest_route=\/wp\/v2\/posts\/905\/revisions\/910"}],"wp:featuredmedia":[{"embeddable":true,"href":"https:\/\/diplomatica.tr\/index.php?rest_route=\/wp\/v2\/media\/909"}],"wp:attachment":[{"href":"https:\/\/diplomatica.tr\/index.php?rest_route=%2Fwp%2Fv2%2Fmedia&parent=905"}],"wp:term":[{"taxonomy":"category","embeddable":true,"href":"https:\/\/diplomatica.tr\/index.php?rest_route=%2Fwp%2Fv2%2Fcategories&post=905"},{"taxonomy":"post_tag","embeddable":true,"href":"https:\/\/diplomatica.tr\/index.php?rest_route=%2Fwp%2Fv2%2Ftags&post=905"}],"curies":[{"name":"wp","href":"https:\/\/api.w.org\/{rel}","templated":true}]}}