{"id":90,"date":"2025-09-11T09:32:53","date_gmt":"2025-09-11T09:32:53","guid":{"rendered":"https:\/\/diplomatica.tr\/?p=90"},"modified":"2025-10-07T17:14:33","modified_gmt":"2025-10-07T14:14:33","slug":"ab-hayallerinden-uzaklasan-bir-ulke-moldova","status":"publish","type":"post","link":"https:\/\/diplomatica.tr\/?p=90","title":{"rendered":"AB Hayallerinden Uzakla\u015fan Bir \u00dclke: Moldova"},"content":{"rendered":"\n<figure class=\"wp-block-gallery has-nested-images columns-default is-cropped wp-block-gallery-1 is-layout-flex wp-block-gallery-is-layout-flex\">\n<figure class=\"wp-block-image size-large\"><img loading=\"lazy\" decoding=\"async\" width=\"800\" height=\"533\" data-id=\"92\" src=\"https:\/\/diplomatica.tr\/wp-content\/uploads\/2025\/09\/moldova-2.jpg\" alt=\"\" class=\"wp-image-92\" srcset=\"https:\/\/diplomatica.tr\/wp-content\/uploads\/2025\/09\/moldova-2.jpg 800w, https:\/\/diplomatica.tr\/wp-content\/uploads\/2025\/09\/moldova-2-300x200.jpg 300w, https:\/\/diplomatica.tr\/wp-content\/uploads\/2025\/09\/moldova-2-768x512.jpg 768w\" sizes=\"auto, (max-width: 800px) 100vw, 800px\" \/><\/figure>\n<\/figure>\n\n\n\n<p>Avrupa Birli\u011fi, do\u011fu kom\u015fular\u0131nda istikrar\u0131 sa\u011flamak ve bu \u00fclkeleri Bat\u0131 de\u011ferleriyle daha g\u00fc\u00e7l\u00fc ba\u011flar kurmaya te\u015fvik etmek amac\u0131yla geni\u015fleme politikas\u0131n\u0131 s\u00fcrd\u00fcrmektedir. Bu \u00e7aban\u0131n \u00f6nemli duraklar\u0131ndan biri ise Moldova\u2019d\u0131r. Hem co\u011frafi konumu hem de ge\u00e7irdi\u011fi siyasi d\u00f6n\u00fc\u015f\u00fcmle dikkat \u00e7eken \u00fclke, son y\u0131llarda AB ile entegrasyon yolunda \u00f6nemli ad\u0131mlar atm\u0131\u015ft\u0131r. \u00d6zellikle Bat\u0131 yanl\u0131s\u0131 y\u00f6netimlerin g\u00f6reve gelmesiyle birlikte Moldova, yolsuzlukla m\u00fccadele, yarg\u0131 reformu ve demokratikle\u015fme gibi alanlarda reform s\u00fcre\u00e7lerini h\u0131zland\u0131rm\u0131\u015ft\u0131r. Bu geli\u015fmeler, Br\u00fcksel\u2019in deste\u011fini kazanm\u0131\u015f; 2025 yaz\u0131nda AB liderleri Moldova\u2019n\u0131n \u00fcyelik hedefini a\u00e7\u0131k\u00e7a desteklediklerini vurgulam\u0131\u015flard\u0131r. AB Konseyi Ba\u015fkan\u0131\u2019n\u0131n da yer ald\u0131\u011f\u0131 a\u00e7\u0131klamalarda, \u00fclkenin reform \u00e7abalar\u0131 takdir edilmi\u015f ve gelece\u011finin Avrupa\u2019da oldu\u011fu g\u00fc\u00e7l\u00fc bir dille ifade edilmi\u015ftir. Moldova halk\u0131n\u0131n da b\u00fcy\u00fck bir k\u0131sm\u0131, Avrupa ile daha s\u0131k\u0131 ba\u011flar kurarak ekonomik kalk\u0131nma, daha sa\u011flam kurumlar ve daha \u00f6ng\u00f6r\u00fclebilir bir gelecek umut etmektedir. Ancak bu umutlara ra\u011fmen, Moldova\u2019n\u0131n AB yolculu\u011fu ciddi s\u0131namalarla kar\u015f\u0131 kar\u015f\u0131yad\u0131r.<\/p>\n\n\n\n<p>Bu s\u0131namalar\u0131n ba\u015f\u0131nda ise Rusya&#8217;n\u0131n etkinli\u011fi gelmektedir. Moldova, tarihsel ba\u011flar\u0131 ve eski Sovyet ge\u00e7mi\u015fi nedeniyle uzun s\u00fcre Moskova\u2019n\u0131n etkisi alt\u0131nda kalm\u0131\u015f bir \u00fclkedir. Bat\u0131 ile yak\u0131nla\u015fma \u00e7abalar\u0131 artt\u0131k\u00e7a, Rusya\u2019n\u0131n bu etkiyi kaybetmemek ad\u0131na \u00e7e\u015fitli yollarla Moldova&#8217;n\u0131n i\u00e7 i\u015flerine m\u00fcdahale etti\u011fi g\u00f6r\u00fclmektedir. Bu m\u00fcdahaleler, \u00f6zellikle se\u00e7im d\u00f6nemlerinde daha a\u00e7\u0131k hale gelmekte; d\u0131\u015far\u0131dan y\u00f6nlendirmeler, baz\u0131 siyasi adaylar\u0131n organize edilmesi ve se\u00e7im ortam\u0131na do\u011frudan m\u00fcdahale gibi y\u00f6ntemlerle \u00fclke i\u00e7indeki siyasi denge hedef al\u0131nmaktad\u0131r. Bu t\u00fcr giri\u015fimlerle, Moldova\u2019daki demokratik irade zay\u0131flat\u0131lmakta, se\u00e7men tercihleri y\u00f6nlendirilmeye \u00e7al\u0131\u015f\u0131lmakta ve Bat\u0131 ile yak\u0131nla\u015fmay\u0131 savunan siyasi akt\u00f6rlerin hareket alan\u0131 k\u0131s\u0131tlanmaktad\u0131r.<\/p>\n\n\n\n<p>Ancak m\u00fcdahaleler yaln\u0131zca siyasi akt\u00f6rler \u00fczerinden yap\u0131lmamaktad\u0131r. Moldova&#8217;da y\u00fcr\u00fct\u00fclen propaganda faaliyetleri, halk\u0131n karar alma s\u00fcre\u00e7lerini de do\u011frudan hedef almaktad\u0131r. Dezenformasyon yoluyla yarat\u0131lan bilgi kirlili\u011fi, \u00f6zellikle sosyal medya ve televizyon \u00fczerinden yay\u0131lan i\u00e7eriklerle kamuoyunu etkilemektedir. Bu i\u00e7eriklerde, Avrupa Birli\u011fi kar\u015f\u0131t\u0131 s\u00f6ylemler \u00f6ne \u00e7\u0131kar\u0131lmakta; \u00fcyelik s\u00fcrecinin \u00fclkenin egemenli\u011fini ve kimli\u011fini tehdit edece\u011fi gibi mesajlar dola\u015f\u0131ma sokulmaktad\u0131r. Bu t\u00fcr propagandalar halk\u0131n \u00f6zellikle gen\u00e7 kesiminde kafa kar\u0131\u015f\u0131kl\u0131\u011f\u0131 yaratmakta, Avrupa ile b\u00fct\u00fcnle\u015fme fikrine duyulan g\u00fcveni a\u015f\u0131nd\u0131rmaktad\u0131r. Bilgiye eri\u015fimin s\u0131n\u0131rl\u0131 oldu\u011fu, medyan\u0131n yeterince g\u00fc\u00e7l\u00fc olmad\u0131\u011f\u0131 Moldova\u2019da bu t\u00fcr i\u00e7erikler geni\u015f kitleler \u00fczerinde etkili olmakta ve toplumsal alg\u0131y\u0131 do\u011frudan \u015fekillendirmektedir. Dolay\u0131s\u0131yla, Moldova\u2019daki demokratik s\u00fcre\u00e7 yaln\u0131zca sand\u0131kta de\u011fil, ayn\u0131 zamanda g\u00fcndelik bilgi ak\u0131\u015f\u0131nda da bask\u0131 alt\u0131na al\u0131nmaktad\u0131r.<\/p>\n\n\n\n<p>Bu iki m\u00fcdahale y\u00f6ntemi birlikte de\u011ferlendirildi\u011finde, Moldova\u2019n\u0131n Avrupa Birli\u011fi\u2019ne y\u00f6nelme s\u00fcreci sadece bir d\u0131\u015f politika tercihi de\u011fil, ayn\u0131 zamanda bir g\u00fcvenlik meselesi haline gelmektedir. Art\u0131k yaln\u0131zca h\u00fck\u00fcmetin reformlara olan ba\u011fl\u0131l\u0131\u011f\u0131 ya da Avrupa\u2019dan gelen siyasi destek yeterli olmamaktad\u0131r. Moldova&#8217;n\u0131n i\u00e7 istikrar\u0131n\u0131 korumas\u0131 ve d\u0131\u015f bask\u0131lara kar\u015f\u0131 g\u00fc\u00e7l\u00fc durabilmesi de bu s\u00fcre\u00e7te belirleyici olmaktad\u0131r. Ya\u015fanan geli\u015fmeler, Avrupa Birli\u011fi&#8217;nin geni\u015fleme s\u00fcrecinin zorluklar\u0131n\u0131 a\u00e7\u0131k bir \u015fekilde g\u00f6stermektedir. Moldova \u00f6rne\u011finde oldu\u011fu gibi, d\u0131\u015f akt\u00f6rlerin do\u011frudan ya da dolayl\u0131 m\u00fcdahaleleri, \u00fcyelik s\u00fcrecini sekteye u\u011fratabilmekte ya da tamamen tersine \u00e7evirebilmektedir. Bu nedenle AB\u2019nin Moldova\u2019ya y\u00f6nelik yakla\u015f\u0131m\u0131nda yaln\u0131zca teknik reformlara de\u011fil, ayn\u0131 zamanda \u00fclkenin siyasi ve toplumsal direncini art\u0131racak stratejik ad\u0131mlara da odaklanmas\u0131 gerekmektedir.<\/p>\n\n\n\n<p>Bu noktada Moldova toplumunun yap\u0131s\u0131 da \u00f6nemli bir rol oynamaktad\u0131r. \u00dclkede Avrupa ile entegrasyonu savunan bir kesim oldu\u011fu kadar, Rusya ile olan geleneksel ba\u011flara s\u0131k\u0131 s\u0131k\u0131ya ba\u011fl\u0131 gruplar da bulunmaktad\u0131r. Bu \u00e7e\u015fitlilik, toplumun baz\u0131 kesimlerinin d\u0131\u015f m\u00fcdahalelere daha a\u00e7\u0131k hale gelmesine neden olmaktad\u0131r. \u00d6zellikle ekonomik s\u0131k\u0131nt\u0131larla bo\u011fu\u015fan ve gelecekten umutsuz olan bireyler, Bat\u0131\u2019n\u0131n sundu\u011fu uzun vadeli reform vaatlerinden ziyade, k\u0131sa vadede somut fayda sunabilecek alternatiflere y\u00f6nelmektedir. Bu durum, dezenformasyon kampanyalar\u0131n\u0131n etkisini art\u0131rmakta ve toplumun baz\u0131 kesimlerinde Avrupa Birli\u011fi kar\u015f\u0131t\u0131 e\u011filimlerin g\u00fc\u00e7lenmesine yol a\u00e7maktad\u0131r. Moldova\u2019da medya yap\u0131s\u0131n\u0131n zay\u0131fl\u0131\u011f\u0131, e\u011fitim d\u00fczeyindeki dengesizlikler ve devlet kurumlar\u0131na duyulan g\u00fcvenin d\u00fc\u015f\u00fck olmas\u0131 da bu s\u00fcreci derinle\u015ftirmektedir. Bu ortamda Moldova\u2019n\u0131n iradesiyle Avrupa yolunda ilerlemesi daha da zorla\u015fmakta, toplumsal b\u00f6l\u00fcnmeler siyasi istikrar\u0131 tehdit etmektedir.<\/p>\n\n\n\n<p>Sonu\u00e7 olarak Moldova, Avrupa Birli\u011fi ile yak\u0131nla\u015fmak i\u00e7in \u00f6nemli ad\u0131mlar atm\u0131\u015f olsa da, kar\u015f\u0131 kar\u015f\u0131ya oldu\u011fu d\u0131\u015f m\u00fcdahaleler ve i\u00e7 zorluklar bu s\u00fcreci ciddi bi\u00e7imde zorla\u015ft\u0131rmaktad\u0131r. Rusya\u2019n\u0131n hem siyasi d\u00fczeyde hem de toplumsal d\u00fczeyde y\u00fcr\u00fctt\u00fc\u011f\u00fc m\u00fcdahaleler, Moldova\u2019n\u0131n Bat\u0131 ile entegrasyonunu engellemekte; halk\u0131n alg\u0131s\u0131n\u0131 de\u011fi\u015ftirmekte ve demokratik i\u015fleyi\u015fi zay\u0131flatmaktad\u0131r. Avrupa Birli\u011fi\u2019nin Moldova\u2019ya verdi\u011fi destek \u00f6nemli bir rol oynamaktad\u0131r, ancak bu deste\u011fin sadece reformlara de\u011fil, ayn\u0131 zamanda \u00fclkenin siyasi direncine ve toplumsal dayan\u0131kl\u0131l\u0131\u011f\u0131na y\u00f6nelik ad\u0131mlar\u0131 da kapsamas\u0131 gerekmektedir. Aksi takdirde Moldova, \u00fcyelik hedefinden uzakla\u015fabilir hatta yeniden Rusya\u2019n\u0131n etki alan\u0131na girebilir. Bu geli\u015fme yaln\u0131zca Moldova\u2019n\u0131n de\u011fil, Avrupa Birli\u011fi\u2019nin do\u011fu politikalar\u0131n\u0131n da gelece\u011fi a\u00e7\u0131s\u0131ndan belirleyici olacakt\u0131r.<\/p>\n\n\n\n<hr class=\"wp-block-separator has-alpha-channel-opacity\"\/>\n\n\n\n<p><\/p>\n","protected":false},"excerpt":{"rendered":"<p>Avrupa Birli\u011fi, do\u011fu kom\u015fular\u0131nda istikrar\u0131 sa\u011flamak ve bu \u00fclkeleri Bat\u0131 de\u011ferleriyle daha g\u00fc\u00e7l\u00fc ba\u011flar kurmaya te\u015fvik etmek amac\u0131yla<\/p>\n","protected":false},"author":1,"featured_media":0,"comment_status":"open","ping_status":"open","sticky":false,"template":"","format":"standard","meta":{"footnotes":""},"categories":[1],"tags":[147,148,83],"class_list":["post-90","post","type-post","status-publish","format-standard","hentry","category-siyaset","tag-avrupa-birligi","tag-european-union","tag-moldova"],"_links":{"self":[{"href":"https:\/\/diplomatica.tr\/index.php?rest_route=\/wp\/v2\/posts\/90","targetHints":{"allow":["GET"]}}],"collection":[{"href":"https:\/\/diplomatica.tr\/index.php?rest_route=\/wp\/v2\/posts"}],"about":[{"href":"https:\/\/diplomatica.tr\/index.php?rest_route=\/wp\/v2\/types\/post"}],"author":[{"embeddable":true,"href":"https:\/\/diplomatica.tr\/index.php?rest_route=\/wp\/v2\/users\/1"}],"replies":[{"embeddable":true,"href":"https:\/\/diplomatica.tr\/index.php?rest_route=%2Fwp%2Fv2%2Fcomments&post=90"}],"version-history":[{"count":1,"href":"https:\/\/diplomatica.tr\/index.php?rest_route=\/wp\/v2\/posts\/90\/revisions"}],"predecessor-version":[{"id":93,"href":"https:\/\/diplomatica.tr\/index.php?rest_route=\/wp\/v2\/posts\/90\/revisions\/93"}],"wp:attachment":[{"href":"https:\/\/diplomatica.tr\/index.php?rest_route=%2Fwp%2Fv2%2Fmedia&parent=90"}],"wp:term":[{"taxonomy":"category","embeddable":true,"href":"https:\/\/diplomatica.tr\/index.php?rest_route=%2Fwp%2Fv2%2Fcategories&post=90"},{"taxonomy":"post_tag","embeddable":true,"href":"https:\/\/diplomatica.tr\/index.php?rest_route=%2Fwp%2Fv2%2Ftags&post=90"}],"curies":[{"name":"wp","href":"https:\/\/api.w.org\/{rel}","templated":true}]}}