{"id":894,"date":"2025-10-27T12:43:47","date_gmt":"2025-10-27T09:43:47","guid":{"rendered":"https:\/\/diplomatica.tr\/?p=894"},"modified":"2025-10-27T14:53:13","modified_gmt":"2025-10-27T11:53:13","slug":"son-dakika-karadag-turkiyeye-vize-getirecegini-acikladi","status":"publish","type":"post","link":"https:\/\/diplomatica.tr\/?p=894","title":{"rendered":"SON DAK\u0130KA: Karada\u011f, T\u00fcrkiye&#8217;ye vize getirece\u011fini a\u00e7\u0131klad\u0131!"},"content":{"rendered":"\n<p>Karada\u011f&#8217;da ger\u00e7ekle\u015fen olayda T\u00fcrkiye Cumhuriyeti vatanda\u015flar\u0131n\u0131n oldu\u011fu bir grubun, Karada\u011fl\u0131 bir vatanda\u015f\u0131 b\u0131\u00e7aklamas\u0131 sonucu Karada\u011f, T\u00fcrkiye&#8217;ye vize getirece\u011fini a\u00e7\u0131klad\u0131.<\/p>\n\n\n\n<p>Olay sonras\u0131 konu\u015fan Karada\u011f ba\u015fbakan\u0131 Spajic \u015fu ifadeleri kulland\u0131:<\/p>\n\n\n\n<p>&#8220;Podgorica&#8217;daki \u00fcz\u00fcc\u00fc sald\u0131r\u0131 olay\u0131n\u0131n ard\u0131ndan, h\u00fck\u00fcmet olarak yar\u0131n (acil prosed\u00fcrle) T\u00fcrk vatanda\u015flar\u0131na y\u00f6nelik vizesiz rejimin ge\u00e7ici olarak kald\u0131r\u0131lmas\u0131 karar\u0131n\u0131 al\u0131yoruz. Bu sert karar\u0131n amac\u0131, hem vatanda\u015flar\u0131m\u0131z\u0131n g\u00fcvenli\u011fini sa\u011flamak hem de g\u00f6\u00e7 politikalar\u0131m\u0131zdaki suistimallerinin \u00f6n\u00fcne ge\u00e7mektir.&#8221;<\/p>\n\n\n\n<p>Ba\u015fbakan bu a\u00e7\u0131klamalar\u0131n\u0131n ard\u0131ndan karar\u0131n kal\u0131c\u0131 olmad\u0131\u011f\u0131n\u0131, T\u00fcrkiye ile yap\u0131lacak g\u00f6r\u00fc\u015fmelerle ortak bir \u00e7\u00f6z\u00fcm bulunana kadar s\u00fcrece\u011fini belirtti.<\/p>\n","protected":false},"excerpt":{"rendered":"<p>Karada\u011f&#8217;da ger\u00e7ekle\u015fen olayda T\u00fcrkiye Cumhuriyeti vatanda\u015flar\u0131n\u0131n oldu\u011fu bir grubun, Karada\u011fl\u0131 bir vatanda\u015f\u0131 b\u0131\u00e7aklamas\u0131 sonucu Karada\u011f, T\u00fcrkiye&#8217;ye vize getirece\u011fini<\/p>\n","protected":false},"author":1,"featured_media":895,"comment_status":"open","ping_status":"open","sticky":false,"template":"","format":"standard","meta":{"footnotes":""},"categories":[1],"tags":[],"class_list":["post-894","post","type-post","status-publish","format-standard","has-post-thumbnail","hentry","category-siyaset"],"_links":{"self":[{"href":"https:\/\/diplomatica.tr\/index.php?rest_route=\/wp\/v2\/posts\/894","targetHints":{"allow":["GET"]}}],"collection":[{"href":"https:\/\/diplomatica.tr\/index.php?rest_route=\/wp\/v2\/posts"}],"about":[{"href":"https:\/\/diplomatica.tr\/index.php?rest_route=\/wp\/v2\/types\/post"}],"author":[{"embeddable":true,"href":"https:\/\/diplomatica.tr\/index.php?rest_route=\/wp\/v2\/users\/1"}],"replies":[{"embeddable":true,"href":"https:\/\/diplomatica.tr\/index.php?rest_route=%2Fwp%2Fv2%2Fcomments&post=894"}],"version-history":[{"count":3,"href":"https:\/\/diplomatica.tr\/index.php?rest_route=\/wp\/v2\/posts\/894\/revisions"}],"predecessor-version":[{"id":898,"href":"https:\/\/diplomatica.tr\/index.php?rest_route=\/wp\/v2\/posts\/894\/revisions\/898"}],"wp:featuredmedia":[{"embeddable":true,"href":"https:\/\/diplomatica.tr\/index.php?rest_route=\/wp\/v2\/media\/895"}],"wp:attachment":[{"href":"https:\/\/diplomatica.tr\/index.php?rest_route=%2Fwp%2Fv2%2Fmedia&parent=894"}],"wp:term":[{"taxonomy":"category","embeddable":true,"href":"https:\/\/diplomatica.tr\/index.php?rest_route=%2Fwp%2Fv2%2Fcategories&post=894"},{"taxonomy":"post_tag","embeddable":true,"href":"https:\/\/diplomatica.tr\/index.php?rest_route=%2Fwp%2Fv2%2Ftags&post=894"}],"curies":[{"name":"wp","href":"https:\/\/api.w.org\/{rel}","templated":true}]}}