{"id":889,"date":"2025-10-25T13:00:18","date_gmt":"2025-10-25T10:00:18","guid":{"rendered":"https:\/\/diplomatica.tr\/?p=889"},"modified":"2025-10-25T13:00:25","modified_gmt":"2025-10-25T10:00:25","slug":"yunanistan-yuksekogretimde-yeni-bir-donem-baslatiyor","status":"publish","type":"post","link":"https:\/\/diplomatica.tr\/?p=889","title":{"rendered":"Yunanistan, Y\u00fcksek\u00f6\u011fretimde Yeni Bir D\u00f6nem Ba\u015flat\u0131yor"},"content":{"rendered":"\n<p>Son d\u00f6nemde e\u011fitim d\u00fcnyas\u0131nda dikkatimi \u00e7eken bir geli\u015fme Yunanistan\u2019dan geldi. \u00dclke, \u00f6zel ve k\u00e2r amac\u0131 g\u00fctmeyen \u00fcniversitelerin kurulmas\u0131na izin veren yeni bir yasay\u0131 y\u00fcr\u00fcrl\u00fc\u011fe koydu. Bu ad\u0131m, Yunanistan\u2019\u0131 b\u00f6lgesel de\u011fil,&nbsp;<strong>k\u00fcresel bir y\u00fcksek\u00f6\u011frenim merkezi<\/strong>&nbsp;haline getirmeyi hedefliyor.<\/p>\n\n\n\n<p>Yunan h\u00fck\u00fcmeti, bu modelle hem&nbsp;<strong>uluslararas\u0131 \u00f6\u011frenci ak\u0131\u015f\u0131n\u0131 art\u0131rmay\u0131<\/strong>&nbsp;hem de&nbsp;<strong>akademik rekabeti g\u00fc\u00e7lendirmeyi<\/strong>ama\u00e7l\u0131yor. \u00d6zellikle Avrupa d\u0131\u015f\u0131ndan gelen \u00f6\u011frenciler i\u00e7in cazip bir alternatif sunulmas\u0131 bekleniyor.<\/p>\n\n\n\n<p>Benim a\u00e7\u0131mdan bu, sadece bir e\u011fitim reformu de\u011fil;&nbsp;<strong>\u00fclke ekonomisine, k\u00fclt\u00fcrel \u00e7e\u015fitlili\u011fe ve bilimsel \u00fcretime uzun vadeli bir yat\u0131r\u0131m<\/strong>&nbsp;olarak g\u00f6r\u00fcn\u00fcyor. T\u00fcrkiye a\u00e7\u0131s\u0131ndan da ilham verici bir \u00f6rnek olabilir.<\/p>\n\n\n\n<figure class=\"wp-block-image size-full\"><img loading=\"lazy\" decoding=\"async\" width=\"1024\" height=\"535\" src=\"https:\/\/diplomatica.tr\/wp-content\/uploads\/2025\/10\/IMG_7008.jpeg\" alt=\"\" class=\"wp-image-890\" srcset=\"https:\/\/diplomatica.tr\/wp-content\/uploads\/2025\/10\/IMG_7008.jpeg 1024w, https:\/\/diplomatica.tr\/wp-content\/uploads\/2025\/10\/IMG_7008-300x157.jpeg 300w, https:\/\/diplomatica.tr\/wp-content\/uploads\/2025\/10\/IMG_7008-768x401.jpeg 768w\" sizes=\"auto, (max-width: 1024px) 100vw, 1024px\" \/><\/figure>\n\n\n\n<figure class=\"wp-block-embed is-type-rich is-provider-twitter wp-block-embed-twitter\"><div class=\"wp-block-embed__wrapper\">\n<blockquote class=\"twitter-tweet\" data-width=\"550\" data-dnt=\"true\"><p lang=\"en\" dir=\"ltr\">Opinion: Foreign branch campuses could make Greece a global hub of excellence<br>New legislation opens the way for quality-focused branches to drive up standards across a traditionally public HE sector, says Ianis Matsoukas <a href=\"https:\/\/twitter.com\/thisisianis?ref_src=twsrc%5Etfw\">@thisisianis<\/a> <a href=\"https:\/\/t.co\/nOjHgIP4ms\">https:\/\/t.co\/nOjHgIP4ms<\/a> <a href=\"https:\/\/t.co\/CIPqU3pDUU\">pic.twitter.com\/CIPqU3pDUU<\/a><\/p>&mdash; Times Higher Education (@timeshighered) <a href=\"https:\/\/twitter.com\/timeshighered\/status\/1785223083126669617?ref_src=twsrc%5Etfw\">April 30, 2024<\/a><\/blockquote><script async src=\"https:\/\/platform.twitter.com\/widgets.js\" charset=\"utf-8\"><\/script>\n<\/div><\/figure>\n\n\n\n<p><\/p>\n","protected":false},"excerpt":{"rendered":"<p>Son d\u00f6nemde e\u011fitim d\u00fcnyas\u0131nda dikkatimi \u00e7eken bir geli\u015fme Yunanistan\u2019dan geldi. \u00dclke, \u00f6zel ve k\u00e2r amac\u0131 g\u00fctmeyen \u00fcniversitelerin kurulmas\u0131na<\/p>\n","protected":false},"author":3,"featured_media":0,"comment_status":"open","ping_status":"open","sticky":false,"template":"","format":"standard","meta":{"footnotes":""},"categories":[15],"tags":[],"class_list":["post-889","post","type-post","status-publish","format-standard","hentry","category-egitim"],"_links":{"self":[{"href":"https:\/\/diplomatica.tr\/index.php?rest_route=\/wp\/v2\/posts\/889","targetHints":{"allow":["GET"]}}],"collection":[{"href":"https:\/\/diplomatica.tr\/index.php?rest_route=\/wp\/v2\/posts"}],"about":[{"href":"https:\/\/diplomatica.tr\/index.php?rest_route=\/wp\/v2\/types\/post"}],"author":[{"embeddable":true,"href":"https:\/\/diplomatica.tr\/index.php?rest_route=\/wp\/v2\/users\/3"}],"replies":[{"embeddable":true,"href":"https:\/\/diplomatica.tr\/index.php?rest_route=%2Fwp%2Fv2%2Fcomments&post=889"}],"version-history":[{"count":1,"href":"https:\/\/diplomatica.tr\/index.php?rest_route=\/wp\/v2\/posts\/889\/revisions"}],"predecessor-version":[{"id":891,"href":"https:\/\/diplomatica.tr\/index.php?rest_route=\/wp\/v2\/posts\/889\/revisions\/891"}],"wp:attachment":[{"href":"https:\/\/diplomatica.tr\/index.php?rest_route=%2Fwp%2Fv2%2Fmedia&parent=889"}],"wp:term":[{"taxonomy":"category","embeddable":true,"href":"https:\/\/diplomatica.tr\/index.php?rest_route=%2Fwp%2Fv2%2Fcategories&post=889"},{"taxonomy":"post_tag","embeddable":true,"href":"https:\/\/diplomatica.tr\/index.php?rest_route=%2Fwp%2Fv2%2Ftags&post=889"}],"curies":[{"name":"wp","href":"https:\/\/api.w.org\/{rel}","templated":true}]}}