{"id":884,"date":"2025-10-24T12:47:34","date_gmt":"2025-10-24T09:47:34","guid":{"rendered":"https:\/\/diplomatica.tr\/?p=884"},"modified":"2025-10-24T12:47:41","modified_gmt":"2025-10-24T09:47:41","slug":"orbandan-abye-sert-elestiri","status":"publish","type":"post","link":"https:\/\/diplomatica.tr\/?p=884","title":{"rendered":"Orban&#8217;dan AB&#8217;ye Sert Ele\u015ftiri"},"content":{"rendered":"\n<p>Viktor Orb\u00e1n d\u00fcn Budape\u015fte\u2019de, \u00fclkesinin 1956\u2019daki ayaklanmas\u0131n\u0131 anma etkinli\u011fi \u00e7er\u00e7evesinde d\u00fczenlenen b\u00fcy\u00fck bir mitingde konu\u015ftu.<\/p>\n\n\n\n<p>Macaristan Ba\u015fbakan\u0131 Viktor Orban konu\u015fmas\u0131nda AB&#8217;ye y\u00fcklenerek \u015fu ifadeleri kulland\u0131:<\/p>\n\n\n\n<p>-&#8220;Macaristan\u2019\u0131, yani \u00fclkemizi Avrupa\u2019daki tek g\u00f6\u00e7mensiz \u00fclke olarak tutmay\u0131 ba\u015fard\u0131n\u0131z.&#8221;<\/p>\n\n\n\n<p>-&#8220;Br\u00fcksel\u2019deki y\u0131lan yuvas\u0131n\u0131n tamam\u0131na meydan okumay\u0131 ba\u015fard\u0131n\u0131z.&#8221;<\/p>\n\n\n\n<p>&#8211;\u00a0&#8220;Br\u00fcksel, ABD Ba\u015fkan\u0131n\u0131n bar\u0131\u015f misyonuna engel olmasayd\u0131 sava\u015f \u00e7oktan bitmi\u015f olurdu.&#8221;<\/p>\n\n\n\n<p>-&#8220;Ailelerinizi korumay\u0131 ve LGBTQ aktivistlerini okullar\u0131n\u0131zdan uzakla\u015ft\u0131rmay\u0131 ba\u015fard\u0131n\u0131z.&#8221;<\/p>\n\n\n\n<p>S\u00f6zleriyle konu\u015fmas\u0131n\u0131 tamamlad\u0131.<\/p>\n","protected":false},"excerpt":{"rendered":"<p>Viktor Orb\u00e1n d\u00fcn Budape\u015fte\u2019de, \u00fclkesinin 1956\u2019daki ayaklanmas\u0131n\u0131 anma etkinli\u011fi \u00e7er\u00e7evesinde d\u00fczenlenen b\u00fcy\u00fck bir mitingde konu\u015ftu. Macaristan Ba\u015fbakan\u0131 Viktor<\/p>\n","protected":false},"author":1,"featured_media":885,"comment_status":"open","ping_status":"open","sticky":false,"template":"","format":"standard","meta":{"footnotes":""},"categories":[1],"tags":[297,298,162,159,296],"class_list":["post-884","post","type-post","status-publish","format-standard","has-post-thumbnail","hentry","category-siyaset","tag-297","tag-fidesz","tag-hungary","tag-macaristan","tag-orban-2"],"_links":{"self":[{"href":"https:\/\/diplomatica.tr\/index.php?rest_route=\/wp\/v2\/posts\/884","targetHints":{"allow":["GET"]}}],"collection":[{"href":"https:\/\/diplomatica.tr\/index.php?rest_route=\/wp\/v2\/posts"}],"about":[{"href":"https:\/\/diplomatica.tr\/index.php?rest_route=\/wp\/v2\/types\/post"}],"author":[{"embeddable":true,"href":"https:\/\/diplomatica.tr\/index.php?rest_route=\/wp\/v2\/users\/1"}],"replies":[{"embeddable":true,"href":"https:\/\/diplomatica.tr\/index.php?rest_route=%2Fwp%2Fv2%2Fcomments&post=884"}],"version-history":[{"count":1,"href":"https:\/\/diplomatica.tr\/index.php?rest_route=\/wp\/v2\/posts\/884\/revisions"}],"predecessor-version":[{"id":886,"href":"https:\/\/diplomatica.tr\/index.php?rest_route=\/wp\/v2\/posts\/884\/revisions\/886"}],"wp:featuredmedia":[{"embeddable":true,"href":"https:\/\/diplomatica.tr\/index.php?rest_route=\/wp\/v2\/media\/885"}],"wp:attachment":[{"href":"https:\/\/diplomatica.tr\/index.php?rest_route=%2Fwp%2Fv2%2Fmedia&parent=884"}],"wp:term":[{"taxonomy":"category","embeddable":true,"href":"https:\/\/diplomatica.tr\/index.php?rest_route=%2Fwp%2Fv2%2Fcategories&post=884"},{"taxonomy":"post_tag","embeddable":true,"href":"https:\/\/diplomatica.tr\/index.php?rest_route=%2Fwp%2Fv2%2Ftags&post=884"}],"curies":[{"name":"wp","href":"https:\/\/api.w.org\/{rel}","templated":true}]}}