{"id":880,"date":"2025-10-23T22:51:45","date_gmt":"2025-10-23T19:51:45","guid":{"rendered":"https:\/\/diplomatica.tr\/?p=880"},"modified":"2025-10-23T22:51:51","modified_gmt":"2025-10-23T19:51:51","slug":"kadikoyde-3-puan-fenerbahcenin","status":"publish","type":"post","link":"https:\/\/diplomatica.tr\/?p=880","title":{"rendered":"Kad\u0131k\u00f6y\u2019de 3 puan Fenerbah\u00e7e&#8217;nin!"},"content":{"rendered":"\n<p>Fenerbah\u00e7e, UEFA Avrupa Ligi\u2019nde sahas\u0131nda a\u011f\u0131rlad\u0131\u011f\u0131 Stuttgart\u2019\u0131 1-0 ma\u011flup ederek \u00f6nemli bir galibiyet elde etti.<\/p>\n\n\n\n<p>Temsilcimiz, 34. dakikada Kerem Akt\u00fcrko\u011flu\u2019nun penalt\u0131dan kaydetti\u011fi golle \u00f6ne ge\u00e7ti. Penalt\u0131 \u00f6ncesinde ceza sahas\u0131nda ya\u015fanan karambolde Stuttgartl\u0131 oyuncunun Skriniar\u2019\u0131 ceza sahas\u0131 i\u00e7erisinde d\u00fc\u015f\u00fcrmesi \u00fczerine hakem beyaz noktay\u0131 g\u00f6sterdi. Topun ba\u015f\u0131na ge\u00e7en Kerem, kaleciyi ters k\u00f6\u015feye yat\u0131rarak tak\u0131m\u0131n\u0131 1-0 \u00f6ne ge\u00e7irdi.<\/p>\n\n\n\n<p>60. dakikada Alman ekibi bir penalt\u0131 kazand\u0131 ancak VAR incelemesi sonras\u0131 karar iptal edildi. Ma\u00e7\u0131n ilerleyen dakikalar\u0131nda temposu d\u00fc\u015fse de Fenerbah\u00e7e skoru korumay\u0131 ba\u015fard\u0131.<\/p>\n\n\n\n<p>Bu sonu\u00e7la Fenerbah\u00e7e, Avrupa Ligi\u2019nde puan\u0131n\u0131 6\u2019ya \u00e7\u0131kararak \u00fcst \u00fcste ikinci galibiyetini ald\u0131.<\/p>\n\n\n\n<p>Temsilcimiz, bir sonraki hafta deplasmanda Viktoria Plze\u0148 ile kar\u015f\u0131la\u015facak.<\/p>\n\n\n\n<p><strong>Hakem ayr\u0131 k\u00f6t\u00fc, Fenerbah\u00e7e\u2019nin forvetleri ayr\u0131 k\u00f6t\u00fc.<\/strong><\/p>\n\n\n\n<p>Bug\u00fcn oynanan ma\u00e7ta sahada adeta bir hakem facias\u0131 vard\u0131. Danimarkal\u0131 hakem Jakob Kehlet, ilk \u00f6nce Edson Alvarez\u2019in baca\u011f\u0131na yap\u0131lan m\u00fcdahaleye k\u0131rm\u0131z\u0131 \u00e7\u0131karamad\u0131, ard\u0131ndan En-Nesyri\u2019nin ata\u011f\u0131nda faul\u00fc Stuttgart\u2019a verdi ve 60. dakikada Stuttgartl\u0131 oyuncunun aya\u011f\u0131ndan topun \u00e7oktan \u00e7\u0131kt\u0131\u011f\u0131n\u0131 fark etmeden Alman ekibinin lehine penalt\u0131 \u00e7ald\u0131. Durumu VAR uygulamas\u0131 kurtard\u0131.<\/p>\n\n\n\n<p>Ancak t\u00fcm mesele hakem olamaz. Fenerbah\u00e7e sezon ba\u015flad\u0131\u011f\u0131ndan beri ne John Duran\u2019dan ne de En-Nesyri\u2019den istedi\u011fi verimi alam\u0131yor. Fenerbah\u00e7e\u2019nin ne yap\u0131p edip k\u0131\u015f transfer d\u00f6neminde Osimhen\u2019e kafa tutabilecek bir santrfor almas\u0131 \u015fart.<\/p>\n\n\n\n<p><strong>\u0130smail Y\u00fcksek, kendisine \u201csus\u201d i\u015fareti yapan Deniz Undav\u2019a skoru g\u00f6sterdi.<\/strong><\/p>\n\n\n\n<p>Ma\u00e7\u0131n son dakikalar\u0131nda ise k\u0131sa s\u00fcreli bir gerginlik ya\u015fand\u0131. Stuttgart forveti Deniz Undav, Fenerbah\u00e7eli \u0130smail Y\u00fcksek\u2019e do\u011fru \u201csus\u201d i\u015fareti yap\u0131nca ortal\u0131k kar\u0131\u015ft\u0131. Bu harekete kar\u015f\u0131l\u0131k \u0130smail Y\u00fcksek, eliyle \u201c1-0\u201d i\u015fareti yaparak Undav\u2019a skoru g\u00f6sterdi. \u0130ki oyuncu aras\u0131nda ya\u015fanan s\u00f6zl\u00fc at\u0131\u015fma sonras\u0131 sahada tansiyon y\u00fckselse de olay\u0131n b\u00fcy\u00fcmesi engellendi.<\/p>\n\n\n\n<figure class=\"wp-block-image size-large is-resized\"><img loading=\"lazy\" decoding=\"async\" width=\"819\" height=\"1024\" src=\"https:\/\/diplomatica.tr\/wp-content\/uploads\/2025\/10\/G397kLnWUAEdFhV-819x1024.jpg\" alt=\"\" class=\"wp-image-882\" style=\"width:354px;height:auto\" srcset=\"https:\/\/diplomatica.tr\/wp-content\/uploads\/2025\/10\/G397kLnWUAEdFhV-819x1024.jpg 819w, https:\/\/diplomatica.tr\/wp-content\/uploads\/2025\/10\/G397kLnWUAEdFhV-240x300.jpg 240w, https:\/\/diplomatica.tr\/wp-content\/uploads\/2025\/10\/G397kLnWUAEdFhV-768x960.jpg 768w, https:\/\/diplomatica.tr\/wp-content\/uploads\/2025\/10\/G397kLnWUAEdFhV-1024x1280.jpg 1024w, https:\/\/diplomatica.tr\/wp-content\/uploads\/2025\/10\/G397kLnWUAEdFhV.jpg 1080w\" sizes=\"auto, (max-width: 819px) 100vw, 819px\" \/><\/figure>\n","protected":false},"excerpt":{"rendered":"<p>Fenerbah\u00e7e, UEFA Avrupa Ligi\u2019nde sahas\u0131nda a\u011f\u0131rlad\u0131\u011f\u0131 Stuttgart\u2019\u0131 1-0 ma\u011flup ederek \u00f6nemli bir galibiyet elde etti. Temsilcimiz, 34. dakikada<\/p>\n","protected":false},"author":1,"featured_media":881,"comment_status":"open","ping_status":"open","sticky":false,"template":"","format":"standard","meta":{"footnotes":""},"categories":[8],"tags":[201,294,202,203,206],"class_list":["post-880","post","type-post","status-publish","format-standard","has-post-thumbnail","hentry","category-spor","tag-fenerbahce-2","tag-stuttgart","tag-uefa","tag-uefa-avrupa-ligi","tag-uefa-european-league"],"_links":{"self":[{"href":"https:\/\/diplomatica.tr\/index.php?rest_route=\/wp\/v2\/posts\/880","targetHints":{"allow":["GET"]}}],"collection":[{"href":"https:\/\/diplomatica.tr\/index.php?rest_route=\/wp\/v2\/posts"}],"about":[{"href":"https:\/\/diplomatica.tr\/index.php?rest_route=\/wp\/v2\/types\/post"}],"author":[{"embeddable":true,"href":"https:\/\/diplomatica.tr\/index.php?rest_route=\/wp\/v2\/users\/1"}],"replies":[{"embeddable":true,"href":"https:\/\/diplomatica.tr\/index.php?rest_route=%2Fwp%2Fv2%2Fcomments&post=880"}],"version-history":[{"count":1,"href":"https:\/\/diplomatica.tr\/index.php?rest_route=\/wp\/v2\/posts\/880\/revisions"}],"predecessor-version":[{"id":883,"href":"https:\/\/diplomatica.tr\/index.php?rest_route=\/wp\/v2\/posts\/880\/revisions\/883"}],"wp:featuredmedia":[{"embeddable":true,"href":"https:\/\/diplomatica.tr\/index.php?rest_route=\/wp\/v2\/media\/881"}],"wp:attachment":[{"href":"https:\/\/diplomatica.tr\/index.php?rest_route=%2Fwp%2Fv2%2Fmedia&parent=880"}],"wp:term":[{"taxonomy":"category","embeddable":true,"href":"https:\/\/diplomatica.tr\/index.php?rest_route=%2Fwp%2Fv2%2Fcategories&post=880"},{"taxonomy":"post_tag","embeddable":true,"href":"https:\/\/diplomatica.tr\/index.php?rest_route=%2Fwp%2Fv2%2Ftags&post=880"}],"curies":[{"name":"wp","href":"https:\/\/api.w.org\/{rel}","templated":true}]}}