{"id":877,"date":"2025-10-23T11:15:56","date_gmt":"2025-10-23T08:15:56","guid":{"rendered":"https:\/\/diplomatica.tr\/?p=877"},"modified":"2025-10-23T11:16:03","modified_gmt":"2025-10-23T08:16:03","slug":"osimhenin-gecesinde-galatasaray-bodo-glimti-3-golle-yikti","status":"publish","type":"post","link":"https:\/\/diplomatica.tr\/?p=877","title":{"rendered":"Osimhen&#8217;in gecesinde Galatasaray, Bodo\/Glimt&#8217;i 3 golle y\u0131kt\u0131!"},"content":{"rendered":"\n<p>UEFA \u015eampiyonlar Ligi&#8217;nin \u00fc\u00e7\u00fcnc\u00fc haftas\u0131nda temsilcimiz Galatasaray, sahas\u0131nda a\u011f\u0131rlad\u0131\u011f\u0131 Bodo\/Glimt&#8217;i 3-1 ma\u011flup etti.<\/p>\n\n\n\n<p>Sar\u0131-k\u0131rm\u0131z\u0131l\u0131 ekibe galibiyeti getiren golleri, Victor Osimhen (2) ve Yunus Akg\u00fcn kaydetti.<\/p>\n\n\n\n<p>Bu sonu\u00e7la birlikte \u015eampiyonlar Ligi&#8217;nde puan\u0131n\u0131 6&#8217;ya \u00e7\u0131kartan Galatasaray, 14. s\u0131raya y\u00fckseldi. Bodo\/Glimt ise 3 ma\u00e7 sonunda 2 puanda kald\u0131.<\/p>\n\n\n\n<p>Temsilcimiz, Devler Ligi&#8217;nde bir sonraki hafta Ajax deplasman\u0131na konuk olacak.<\/p>\n\n\n\n<p><strong>Goller \u00f6n alan bask\u0131s\u0131yla geldi<\/strong><\/p>\n\n\n\n<p>Okan Buruk&#8217;un \u00f6nde bask\u0131 oyunu bir kez daha ba\u015far\u0131l\u0131 oldu. Yunus Akg\u00fcn, Osimhen gibi isimlerle yapt\u0131\u011f\u0131 \u00f6nde bask\u0131 futbolu bir kez daha sonu\u00e7 verdi. Osimhen&#8217;in \u015fov yapt\u0131\u011f\u0131 ma\u00e7ta, Galatasaray&#8217;\u0131n y\u0131ld\u0131z ismi Leroy Sane gol bulamasa da g\u00fcn ge\u00e7tik\u00e7e y\u00fckselen performans\u0131yla dikkat \u00e7ekti.<\/p>\n\n\n\n<h4 class=\"wp-block-heading\" id=\"h-osimhen-burak-yilmaz-i-gecti\"><strong>Osimhen Burak Y\u0131lmaz\u2019\u0131 ge\u00e7ti<\/strong><\/h4>\n\n\n\n<p>Victor Osimhen, Bodo\/Glimt kar\u015f\u0131s\u0131nda att\u0131\u011f\u0131 gollerle Galatasaray formas\u0131yla \u00fcst \u00fcste 7 Avrupa ma\u00e7\u0131nda gol atan ilk futbolcu oldu ve Burak Y\u0131lmaz\u2019\u0131n 2012 y\u0131l\u0131ndaki 6 ma\u00e7l\u0131k rekorunu k\u0131rd\u0131.<\/p>\n","protected":false},"excerpt":{"rendered":"<p>UEFA \u015eampiyonlar Ligi&#8217;nin \u00fc\u00e7\u00fcnc\u00fc haftas\u0131nda temsilcimiz Galatasaray, sahas\u0131nda a\u011f\u0131rlad\u0131\u011f\u0131 Bodo\/Glimt&#8217;i 3-1 ma\u011flup etti. Sar\u0131-k\u0131rm\u0131z\u0131l\u0131 ekibe galibiyeti getiren golleri,<\/p>\n","protected":false},"author":1,"featured_media":878,"comment_status":"open","ping_status":"open","sticky":false,"template":"","format":"standard","meta":{"footnotes":""},"categories":[8],"tags":[293,131,128,292,130],"class_list":["post-877","post","type-post","status-publish","format-standard","has-post-thumbnail","hentry","category-spor","tag-bodo-glimt","tag-champions-league","tag-galatasaray","tag-osimhen","tag-sampiyonlar-ligi"],"_links":{"self":[{"href":"https:\/\/diplomatica.tr\/index.php?rest_route=\/wp\/v2\/posts\/877","targetHints":{"allow":["GET"]}}],"collection":[{"href":"https:\/\/diplomatica.tr\/index.php?rest_route=\/wp\/v2\/posts"}],"about":[{"href":"https:\/\/diplomatica.tr\/index.php?rest_route=\/wp\/v2\/types\/post"}],"author":[{"embeddable":true,"href":"https:\/\/diplomatica.tr\/index.php?rest_route=\/wp\/v2\/users\/1"}],"replies":[{"embeddable":true,"href":"https:\/\/diplomatica.tr\/index.php?rest_route=%2Fwp%2Fv2%2Fcomments&post=877"}],"version-history":[{"count":1,"href":"https:\/\/diplomatica.tr\/index.php?rest_route=\/wp\/v2\/posts\/877\/revisions"}],"predecessor-version":[{"id":879,"href":"https:\/\/diplomatica.tr\/index.php?rest_route=\/wp\/v2\/posts\/877\/revisions\/879"}],"wp:featuredmedia":[{"embeddable":true,"href":"https:\/\/diplomatica.tr\/index.php?rest_route=\/wp\/v2\/media\/878"}],"wp:attachment":[{"href":"https:\/\/diplomatica.tr\/index.php?rest_route=%2Fwp%2Fv2%2Fmedia&parent=877"}],"wp:term":[{"taxonomy":"category","embeddable":true,"href":"https:\/\/diplomatica.tr\/index.php?rest_route=%2Fwp%2Fv2%2Fcategories&post=877"},{"taxonomy":"post_tag","embeddable":true,"href":"https:\/\/diplomatica.tr\/index.php?rest_route=%2Fwp%2Fv2%2Ftags&post=877"}],"curies":[{"name":"wp","href":"https:\/\/api.w.org\/{rel}","templated":true}]}}