{"id":87,"date":"2025-09-11T09:24:14","date_gmt":"2025-09-11T09:24:14","guid":{"rendered":"https:\/\/diplomatica.tr\/?p=87"},"modified":"2025-10-07T17:14:09","modified_gmt":"2025-10-07T14:14:09","slug":"putine-karsi-natonun-dogu-kalkani-baltik-ucgeni","status":"publish","type":"post","link":"https:\/\/diplomatica.tr\/?p=87","title":{"rendered":"Putin\u2019e Kar\u015f\u0131 NATO\u2019nun Do\u011fu Kalkan\u0131: Balt\u0131k \u00dc\u00e7geni"},"content":{"rendered":"\n<figure class=\"wp-block-image size-full\"><img loading=\"lazy\" decoding=\"async\" width=\"893\" height=\"563\" src=\"https:\/\/diplomatica.tr\/wp-content\/uploads\/2025\/09\/baltik1.png\" alt=\"\" class=\"wp-image-260\" srcset=\"https:\/\/diplomatica.tr\/wp-content\/uploads\/2025\/09\/baltik1.png 893w, https:\/\/diplomatica.tr\/wp-content\/uploads\/2025\/09\/baltik1-300x189.png 300w, https:\/\/diplomatica.tr\/wp-content\/uploads\/2025\/09\/baltik1-768x484.png 768w\" sizes=\"auto, (max-width: 893px) 100vw, 893px\" \/><\/figure>\n\n\n\n<p>Estonya, Letonya ve Litvanya, k\u0131saca Balt\u0131k \u00fclkeleri, tarih boyunca b\u00fcy\u00fck g\u00fc\u00e7ler aras\u0131nda kalm\u0131\u015f, bu y\u00fczden de hem siyasi hem askeri olarak k\u0131r\u0131lgan bir konumda olmu\u015flard\u0131r. \u00d6zellikle II. D\u00fcnya Sava\u015f\u0131 sonras\u0131 Sovyetler Birli\u011fi\u2019nin kontrol\u00fcne girmeleri, bu \u00fclkelerin ba\u011f\u0131ms\u0131zl\u0131klar\u0131n\u0131 uzun s\u00fcre kaybetmelerine neden olmu\u015ftur. Ancak 1990\u2019lar\u0131n ba\u015f\u0131nda Sovyetler\u2019in da\u011f\u0131lmas\u0131yla birlikte ba\u011f\u0131ms\u0131zl\u0131klar\u0131n\u0131 yeniden kazanm\u0131\u015flard\u0131r. Bu s\u00fcre\u00e7, Balt\u0131k topraklar\u0131na sadece siyasi de\u011fil, ayn\u0131 zamanda kimliksel ve y\u00f6nelimsel bir de\u011fi\u015fimi de beraberinde getirmi\u015ftir.<\/p>\n\n\n\n<p>Bu de\u011fi\u015fim, Balt\u0131k \u00fclkelerini; ba\u011f\u0131ms\u0131zl\u0131klar\u0131n\u0131 yeniden kazand\u0131ktan sonra h\u0131zla Bat\u0131 kurumlar\u0131na entegre olmaya itmi\u015ftir. Bu tercihin temelinde, Sovyet ge\u00e7mi\u015finin bask\u0131c\u0131 miras\u0131 ve Rusya\u2019dan gelebilecek yeni tehditlere kar\u015f\u0131 duyulan kayg\u0131 bulunmaktad\u0131r. Bu nedenle, sadece ekonomik de\u011fil, \u00f6zellikle g\u00fcvenlik alan\u0131nda Bat\u0131 ile daha yak\u0131n ili\u015fkiler kurmak \u00f6ncelikli hedef haline gelmi\u015ftir. Avrupa Birli\u011fi ile ili\u015fkiler bu kapsamda \u00f6nemli g\u00f6r\u00fclse de, as\u0131l g\u00fcvenlik garantisinin NATO \u00fcyeli\u011fiyle sa\u011flanaca\u011f\u0131 d\u00fc\u015f\u00fcncesi a\u011f\u0131r basm\u0131\u015ft\u0131r.<\/p>\n\n\n\n<p>2004 y\u0131l\u0131nda NATO\u2019ya tam \u00fcye olan Balt\u0131k \u00fclkeleri, bu ad\u0131mla birlikte kolektif savunma ilkesinin korumas\u0131 alt\u0131na girmi\u015ftir. NATO\u2019nun 5. maddesi uyar\u0131nca bir \u00fcye \u00fclkeye yap\u0131lan sald\u0131r\u0131, t\u00fcm ittifaka yap\u0131lm\u0131\u015f say\u0131lmakta ve bu durum \u00f6zellikle k\u00fc\u00e7\u00fck \u00fclkeler i\u00e7in b\u00fcy\u00fck bir cayd\u0131r\u0131c\u0131l\u0131k sunmaktad\u0131r. Ancak bu cayd\u0131r\u0131c\u0131l\u0131k, b\u00f6lgesel g\u00fc\u00e7 olan Rusya a\u00e7\u0131s\u0131ndan stratejik bir tehdit olarak alg\u0131lanm\u0131\u015ft\u0131r. NATO\u2019nun do\u011fuya do\u011fru geni\u015flemesini Rusya, kendi etki alan\u0131na y\u00f6nelik bir m\u00fcdahale olarak de\u011ferlendirmi\u015ftir. Bu durum, ilerleyen y\u0131llarda iki taraf aras\u0131nda g\u00fcvenlik temelli gerilimlerin artmas\u0131na neden olmu\u015ftur.<\/p>\n\n\n\n<p>Balt\u0131k \u00fc\u00e7geninin NATO\u2019ya dahil olu\u015fu bu \u00fclkeleri bir nebze rahatlatsa da 2014 y\u0131l\u0131nda Rusya\u2019n\u0131n K\u0131r\u0131m\u2019\u0131 ilhak etmesi ve 2022\u2019de Ukrayna\u2019ya kar\u015f\u0131 geni\u015f \u00e7apl\u0131 bir i\u015fgal ba\u015flatmas\u0131, bu \u00fclkelerin g\u00fcvenlik kayg\u0131lar\u0131n\u0131 tekrar art\u0131rm\u0131\u015ft\u0131r. Bu geli\u015fmeler, Rusya\u2019n\u0131n sadece diplomatik ya da s\u00f6ylemsel d\u00fczeyde de\u011fil, do\u011frudan askeri m\u00fcdahale kapasitesiyle hareket edebildi\u011fini g\u00f6stermi\u015ftir. Bu ba\u011flamda Balt\u0131k \u00fclkeleri, savunma stratejilerini yeniden yap\u0131land\u0131rmaya ba\u015flam\u0131\u015f; ordular\u0131n\u0131 modernize ederek NATO ile ortak tatbikatlara a\u011f\u0131rl\u0131k vermi\u015flerdir.<\/p>\n\n\n\n<p>Bu \u00f6nlemler yaln\u0131zca askeri alanla s\u0131n\u0131rl\u0131 kalmamaktad\u0131r; ayn\u0131 zamanda toplumun genelinde g\u00fc\u00e7l\u00fc bir g\u00fcvenlik bilinci olu\u015fturulmas\u0131 hedeflenmektedir. Kamu kurumlar\u0131nda, okullarda ve yerel y\u00f6netimlerde kriz anlar\u0131na haz\u0131rl\u0131k amac\u0131yla \u00e7e\u015fitli uygulamalara yer verilmektedir. E\u011fitim kurumlar\u0131nda d\u00fczenli olarak acil tahliye tatbikatlar\u0131 yap\u0131lmakta, halk ise bilgilendirme kampanyalar\u0131yla olas\u0131 bir sald\u0131r\u0131 durumuna kar\u015f\u0131 bilin\u00e7lendirilmektedir. Bu yakla\u015f\u0131m, g\u00fcvenli\u011fin art\u0131k yaln\u0131zca devletin sorumlulu\u011funda de\u011fil, toplumun b\u00fct\u00fcn kesimlerinin ortak \u00e7abas\u0131yla sa\u011flanmas\u0131 gereken bir mesele olarak g\u00f6r\u00fcld\u00fc\u011f\u00fcn\u00fc ortaya koymaktad\u0131r. Ayn\u0131 zamanda bu \u00e7abalar, psikolojik ve sembolik a\u00e7\u0131dan da \u00f6nemli bir rol oynamaktad\u0131r. \u00d6zellikle Sovyet d\u00f6nemini ya\u015fam\u0131\u015f ku\u015faklar\u0131n haf\u0131zas\u0131nda yer eden travmatik deneyimler, bug\u00fcnk\u00fc g\u00fcvenlik politikalar\u0131n\u0131n toplumsal kabul\u00fcn\u00fc kolayla\u015ft\u0131rmakta; ge\u00e7mi\u015fte ya\u015fanan kay\u0131plar, \u201chaz\u0131rl\u0131kl\u0131 olma\u201d d\u00fc\u015f\u00fcncesini me\u015frula\u015ft\u0131rmaktad\u0131r. Gen\u00e7 nesiller ise hem bu kolektif haf\u0131zan\u0131n miras\u0131n\u0131 devralmakta hem de g\u00fcncel tehditlerle \u015fekillenen bir bilin\u00e7le b\u00fcy\u00fcmektedir. B\u00f6ylece savunma politikalar\u0131, yaln\u0131zca bir devlet i\u015finden ibaret olmaktan \u00e7\u0131kmakta; g\u00fcnl\u00fck ya\u015fam\u0131n do\u011fal, hatta gerekli bir par\u00e7as\u0131 haline gelmektedir.<\/p>\n\n\n\n<p>Bu ba\u011flamda, sadece i\u00e7 politikada de\u011fil, d\u0131\u015f politikada da dikkat \u00e7ekici bir d\u00f6n\u00fc\u015f\u00fcm ya\u015fanmaktad\u0131r. Balt\u0131k \u00fclkeleri, yaln\u0131zca kendilerini korumaya odaklanan pasif bir strateji yerine, NATO ve Avrupa Birli\u011fi i\u00e7inde daha aktif ve i\u015fbirli\u011fine a\u00e7\u0131k bir g\u00fcvenlik politikas\u0131 izlemektedir. \u00c7ok tarafl\u0131 savunma projelerine kat\u0131l\u0131m, NATO\u2019nun do\u011fu kanad\u0131ndaki askeri varl\u0131\u011f\u0131n art\u0131r\u0131lmas\u0131na destek verme ve Avrupa enerji g\u00fcvenli\u011fi gibi alanlarda inisiyatif alma e\u011filimi g\u00fc\u00e7lenmi\u015ftir. Bu durum da bu \u00fclkeleri sadece \u201ckorunmas\u0131 gereken\u201d akt\u00f6rler olmaktan \u00e7\u0131kar\u0131p, b\u00f6lgesel g\u00fcvenlik politikalar\u0131na katk\u0131da bulunan devletler konumuna y\u00fckselmelerini sa\u011flam\u0131\u015ft\u0131r.<\/p>\n\n\n\n<p>Balt\u0131k \u00fc\u00e7geninin verdi\u011fi bu \u00e7abalar, zaman zaman Rusya taraf\u0131ndan dolayl\u0131 olarak hedef al\u0131nmaktad\u0131r. \u00dcst d\u00fczey Rus yetkililer taraf\u0131ndan yap\u0131lan baz\u0131 beyanlarda, Balt\u0131k \u00fclkelerinin NATO ile olan ili\u015fkileri \u201cBat\u0131 provokasyonu\u201d olarak tan\u0131mlanmakta ve bu \u00fclkelerin g\u00fcvenlik \u00f6nlemleri, Moskova\u2019n\u0131n b\u00f6lgesel istikrar\u0131n\u0131 tehdit edebilecek unsur olarak g\u00f6r\u00fcld\u00fc\u011f\u00fcnden Rusya\u2019n\u0131n Ukrayna\u2019dan sonraki hedefinin Polonya ve Balt\u0131k \u00fclkeleri olabilece\u011fi \u00f6ne s\u00fcr\u00fclmektedir. Bu t\u00fcr s\u00f6ylemler m\u00fccadelenin yaln\u0131z askeri olarak de\u011fil, ayn\u0131 zaman da bilgi g\u00fcvenli\u011fi, dezenformasyonla m\u00fccadele ve medya okuryazarl\u0131\u011f\u0131 gibi alanlarda da ger\u00e7ekle\u015fece\u011fini kan\u0131tlar niteliktedir.<\/p>\n\n\n\n<p>Balt\u0131k \u00fclkelerinin g\u00fcvenlik politikalar\u0131 de\u011ferlendirilirken, jeopolitik konumlar\u0131n\u0131n ta\u015f\u0131d\u0131\u011f\u0131 stratejik \u00f6nem dikkate al\u0131nmal\u0131d\u0131r. Bu \u00fclkeler hem Avrupa\u2019n\u0131n do\u011fu s\u0131n\u0131r\u0131nda yer al\u0131rken hem de Rusya ile do\u011frudan s\u0131n\u0131r kom\u015fusu olarak iki b\u00fcy\u00fck siyasi blo\u011fun kesi\u015fim noktas\u0131nda yer almaktad\u0131rlar. Bu \u00e7ift y\u00f6nl\u00fc konum, onlar\u0131 yaln\u0131zca b\u00f6lgesel de\u011fil, ayn\u0131 zamanda k\u00fcresel g\u00fcvenlik dengeleri i\u00e7inde de \u00f6nemli akt\u00f6rler haline getirmektedir. Bu ba\u011flamda, Balt\u0131k \u00fclkelerinin ald\u0131\u011f\u0131 her g\u00fcvenlik \u00f6nlemi, yaln\u0131zca kendi ulusal \u00e7\u0131karlar\u0131n\u0131 de\u011fil, Avrupa&#8217;n\u0131n b\u00fct\u00fcn\u00fcne dair g\u00fcvenlik mimarisini de etkilemektedir.<\/p>\n\n\n\n<p>Bug\u00fcn Balt\u0131k \u00fclkeleri, s\u0131n\u0131rl\u0131 kaynaklar\u0131, n\u00fcfuslar\u0131 ve jeopolitik konumlar\u0131na ra\u011fmen g\u00fcvenlik alan\u0131nda diren\u00e7li ve kararl\u0131 akt\u00f6rlerdir. Askeri kapasiteleri s\u0131n\u0131rl\u0131 olsa da, toplumsal dayan\u0131\u015fma, tarihsel bilin\u00e7 ve uluslararas\u0131 i\u015f birliklerine verdikleri \u00f6nem sayesinde \u00e7ok katmanl\u0131 tehditlere kar\u015f\u0131 haz\u0131rl\u0131kl\u0131d\u0131rlar. \u00d6zellikle hibrit sald\u0131r\u0131lar, siber tehditler ve dezenformasyon gibi g\u00fcncel riskler kar\u015f\u0131s\u0131nda, bu \u00fclkelerin geli\u015ftirdi\u011fi savunma stratejileri, sadece kendi g\u00fcvenliklerini de\u011fil, NATO ve Avrupa Birli\u011fi gibi yap\u0131lar\u0131n kolektif savunma anlay\u0131\u015f\u0131n\u0131 da g\u00fc\u00e7lendirmektedir. \u00d6n\u00fcm\u00fczdeki s\u00fcre\u00e7te Rusya ile ya\u015fanabilecek olas\u0131 gerilimlerin devam etmesi durumunda, Balt\u0131k \u00fclkeleri Avrupa\u2019n\u0131n do\u011fu s\u0131n\u0131r\u0131nda cayd\u0131r\u0131c\u0131l\u0131\u011f\u0131n s\u00fcrd\u00fcr\u00fclebilirli\u011fi a\u00e7\u0131s\u0131ndan kilit bir rol oynamaya devam edecektir.<\/p>\n\n\n\n<hr class=\"wp-block-separator has-alpha-channel-opacity\"\/>\n\n\n\n<p><\/p>\n","protected":false},"excerpt":{"rendered":"<p>Estonya, Letonya ve Litvanya, k\u0131saca Balt\u0131k \u00fclkeleri, tarih boyunca b\u00fcy\u00fck g\u00fc\u00e7ler aras\u0131nda kalm\u0131\u015f, bu y\u00fczden de hem siyasi<\/p>\n","protected":false},"author":1,"featured_media":0,"comment_status":"open","ping_status":"open","sticky":false,"template":"","format":"standard","meta":{"footnotes":""},"categories":[1],"tags":[126,123,171,169,170,168,125,122],"class_list":["post-87","post","type-post","status-publish","format-standard","hentry","category-siyaset","tag-estonia","tag-estonya","tag-latvia","tag-letonya","tag-lithuania","tag-litvanya","tag-russia","tag-rusya"],"_links":{"self":[{"href":"https:\/\/diplomatica.tr\/index.php?rest_route=\/wp\/v2\/posts\/87","targetHints":{"allow":["GET"]}}],"collection":[{"href":"https:\/\/diplomatica.tr\/index.php?rest_route=\/wp\/v2\/posts"}],"about":[{"href":"https:\/\/diplomatica.tr\/index.php?rest_route=\/wp\/v2\/types\/post"}],"author":[{"embeddable":true,"href":"https:\/\/diplomatica.tr\/index.php?rest_route=\/wp\/v2\/users\/1"}],"replies":[{"embeddable":true,"href":"https:\/\/diplomatica.tr\/index.php?rest_route=%2Fwp%2Fv2%2Fcomments&post=87"}],"version-history":[{"count":2,"href":"https:\/\/diplomatica.tr\/index.php?rest_route=\/wp\/v2\/posts\/87\/revisions"}],"predecessor-version":[{"id":261,"href":"https:\/\/diplomatica.tr\/index.php?rest_route=\/wp\/v2\/posts\/87\/revisions\/261"}],"wp:attachment":[{"href":"https:\/\/diplomatica.tr\/index.php?rest_route=%2Fwp%2Fv2%2Fmedia&parent=87"}],"wp:term":[{"taxonomy":"category","embeddable":true,"href":"https:\/\/diplomatica.tr\/index.php?rest_route=%2Fwp%2Fv2%2Fcategories&post=87"},{"taxonomy":"post_tag","embeddable":true,"href":"https:\/\/diplomatica.tr\/index.php?rest_route=%2Fwp%2Fv2%2Ftags&post=87"}],"curies":[{"name":"wp","href":"https:\/\/api.w.org\/{rel}","templated":true}]}}