{"id":869,"date":"2025-10-22T21:40:14","date_gmt":"2025-10-22T18:40:14","guid":{"rendered":"https:\/\/diplomatica.tr\/?p=869"},"modified":"2025-10-22T21:40:20","modified_gmt":"2025-10-22T18:40:20","slug":"avrupa-birligi-oy-verme-ve-veto-hakki-olmayan-yeni-uyelik-modelini-gundemine-aldi","status":"publish","type":"post","link":"https:\/\/diplomatica.tr\/?p=869","title":{"rendered":"Avrupa Birli\u011fi, oy verme ve veto hakk\u0131 olmayan yeni \u00fcyelik modelini g\u00fcndemine ald\u0131."},"content":{"rendered":"\n<p>Avrupa Birli\u011fi, oy verme ve veto hakk\u0131 olmayan yeni \u00fcyelik modelini g\u00fcndemine getiriyor.<\/p>\n\n\n\n<p> Ukrayna&#8217;n\u0131n birli\u011fe kat\u0131l\u0131m\u0131na ret oyu veren Macaristan&#8217;\u0131 ve T\u00fcrkiye konusunda s\u0131k\u00e7a veto hakk\u0131n\u0131 kullanan Yunanistan ve GKRY&#8217;yi yumu\u015fatma amac\u0131yla AB bu plan\u0131 ortaya att\u0131.<\/p>\n\n\n\n<p>Bu model sayesinde T\u00fcrkiye&#8217;nin de Avrupa Birli\u011fi m\u00fczakerelerinin h\u0131zland\u0131r\u0131lmas\u0131 hedefleniyor. Ayr\u0131ca K\u0131br\u0131s konusunun AB nezdinde yeniden m\u00fczakere ile \u00e7\u00f6z\u00fcme kavu\u015fturulmas\u0131 bekleniyor.<\/p>\n","protected":false},"excerpt":{"rendered":"<p>Avrupa Birli\u011fi, oy verme ve veto hakk\u0131 olmayan yeni \u00fcyelik modelini g\u00fcndemine getiriyor. Ukrayna&#8217;n\u0131n birli\u011fe kat\u0131l\u0131m\u0131na ret oyu<\/p>\n","protected":false},"author":1,"featured_media":873,"comment_status":"open","ping_status":"open","sticky":false,"template":"","format":"standard","meta":{"footnotes":""},"categories":[1],"tags":[147,148,78,13],"class_list":["post-869","post","type-post","status-publish","format-standard","has-post-thumbnail","hentry","category-siyaset","tag-avrupa-birligi","tag-european-union","tag-turkey","tag-turkiye"],"_links":{"self":[{"href":"https:\/\/diplomatica.tr\/index.php?rest_route=\/wp\/v2\/posts\/869","targetHints":{"allow":["GET"]}}],"collection":[{"href":"https:\/\/diplomatica.tr\/index.php?rest_route=\/wp\/v2\/posts"}],"about":[{"href":"https:\/\/diplomatica.tr\/index.php?rest_route=\/wp\/v2\/types\/post"}],"author":[{"embeddable":true,"href":"https:\/\/diplomatica.tr\/index.php?rest_route=\/wp\/v2\/users\/1"}],"replies":[{"embeddable":true,"href":"https:\/\/diplomatica.tr\/index.php?rest_route=%2Fwp%2Fv2%2Fcomments&post=869"}],"version-history":[{"count":1,"href":"https:\/\/diplomatica.tr\/index.php?rest_route=\/wp\/v2\/posts\/869\/revisions"}],"predecessor-version":[{"id":874,"href":"https:\/\/diplomatica.tr\/index.php?rest_route=\/wp\/v2\/posts\/869\/revisions\/874"}],"wp:featuredmedia":[{"embeddable":true,"href":"https:\/\/diplomatica.tr\/index.php?rest_route=\/wp\/v2\/media\/873"}],"wp:attachment":[{"href":"https:\/\/diplomatica.tr\/index.php?rest_route=%2Fwp%2Fv2%2Fmedia&parent=869"}],"wp:term":[{"taxonomy":"category","embeddable":true,"href":"https:\/\/diplomatica.tr\/index.php?rest_route=%2Fwp%2Fv2%2Fcategories&post=869"},{"taxonomy":"post_tag","embeddable":true,"href":"https:\/\/diplomatica.tr\/index.php?rest_route=%2Fwp%2Fv2%2Ftags&post=869"}],"curies":[{"name":"wp","href":"https:\/\/api.w.org\/{rel}","templated":true}]}}