{"id":858,"date":"2025-10-20T12:33:13","date_gmt":"2025-10-20T09:33:13","guid":{"rendered":"https:\/\/diplomatica.tr\/?p=858"},"modified":"2025-10-20T12:33:19","modified_gmt":"2025-10-20T09:33:19","slug":"almanya-turkiyenin-abye-katilim-surecine-her-donemde-destek-verecegini-acikladi","status":"publish","type":"post","link":"https:\/\/diplomatica.tr\/?p=858","title":{"rendered":"Almanya, T\u00fcrkiye&#8217;nin AB&#8217;ye kat\u0131l\u0131m s\u00fcrecine her d\u00f6nemde destek verece\u011fini a\u00e7\u0131klad\u0131."},"content":{"rendered":"\n<p>Ge\u00e7ti\u011fimiz g\u00fcnlerde Ankara&#8217;da Hakan Fidan&#8217;la g\u00f6r\u00fc\u015fen \u00a0Almanya D\u0131\u015fi\u015fleri Bakan\u0131\u00a0Johann Wadephul, T\u00fcrkiye&#8217;nin\u00a0Avrupa Birli\u011fi&#8217;ne\u00a0(AB)\u00a0\u00fcyeli\u011fi konusunda Berlin&#8217;in deste\u011fini iletti.<\/p>\n\n\n\n<p>G\u00f6r\u00fc\u015fme sonras\u0131\u00a0d\u00fczenlenen ortak bas\u0131n toplant\u0131s\u0131nda konu\u015fan Wadephul, &#8220;AB ile T\u00fcrkiye aras\u0131ndaki ili\u015fkilerin geli\u015fmesi i\u00e7in T\u00fcrkiye&#8217;den beklediklerimiz hakk\u0131nda konu\u015ftuk. G\u00fcmr\u00fck Birli\u011fi&#8217;ne, vize serbestisine de\u011findik.\u00a0Almanya\u00a0her iki hedefi de kararl\u0131l\u0131kla destekliyor&#8221; dedi.<\/p>\n\n\n\n<p>Ankara a\u00e7\u0131s\u0131ndan \u00fcyelik i\u00e7in Kopenhag kriterlerinin yerine getirilmesi gerekti\u011fini ve T\u00fcrkiye ile AB aras\u0131nda ger\u00e7ekle\u015ftirilmesi gereken ko\u015fullar oldu\u011funa de\u011finen Wadephul; demokrasi, insan haklar\u0131 ve hukukun \u00fcst\u00fcnl\u00fc\u011f\u00fc gibi kavramlar\u0131n Avrupa Birli\u011fi ad\u0131na \u00f6nem arz etti\u011fini belirtti.<\/p>\n\n\n\n<p>Alman Bakan\u00a0&#8220;Fakat \u015funu vurgulamak istiyorum: Biz AB-T\u00fcrkiye ili\u015fkilerinin geli\u015fmesini, G\u00fcmr\u00fck Birli\u011fi&#8217;nin g\u00fcncellenmesini, vize serbestisini, pozitif bir g\u00fcndem olu\u015fturmay\u0131 istiyoruz. T\u00fcrkiye AB&#8217;ye girmek isterse Almanya her zaman g\u00fcvenilir bir ortak olacakt\u0131r&#8221; ifadelerini kulland\u0131.<\/p>\n","protected":false},"excerpt":{"rendered":"<p>Ge\u00e7ti\u011fimiz g\u00fcnlerde Ankara&#8217;da Hakan Fidan&#8217;la g\u00f6r\u00fc\u015fen \u00a0Almanya D\u0131\u015fi\u015fleri Bakan\u0131\u00a0Johann Wadephul, T\u00fcrkiye&#8217;nin\u00a0Avrupa Birli\u011fi&#8217;ne\u00a0(AB)\u00a0\u00fcyeli\u011fi konusunda Berlin&#8217;in deste\u011fini iletti. G\u00f6r\u00fc\u015fme sonras\u0131\u00a0d\u00fczenlenen<\/p>\n","protected":false},"author":1,"featured_media":861,"comment_status":"open","ping_status":"open","sticky":false,"template":"","format":"standard","meta":{"footnotes":""},"categories":[1],"tags":[188,147,148,189,78,13],"class_list":["post-858","post","type-post","status-publish","format-standard","has-post-thumbnail","hentry","category-siyaset","tag-almanya","tag-avrupa-birligi","tag-european-union","tag-germany","tag-turkey","tag-turkiye"],"_links":{"self":[{"href":"https:\/\/diplomatica.tr\/index.php?rest_route=\/wp\/v2\/posts\/858","targetHints":{"allow":["GET"]}}],"collection":[{"href":"https:\/\/diplomatica.tr\/index.php?rest_route=\/wp\/v2\/posts"}],"about":[{"href":"https:\/\/diplomatica.tr\/index.php?rest_route=\/wp\/v2\/types\/post"}],"author":[{"embeddable":true,"href":"https:\/\/diplomatica.tr\/index.php?rest_route=\/wp\/v2\/users\/1"}],"replies":[{"embeddable":true,"href":"https:\/\/diplomatica.tr\/index.php?rest_route=%2Fwp%2Fv2%2Fcomments&post=858"}],"version-history":[{"count":1,"href":"https:\/\/diplomatica.tr\/index.php?rest_route=\/wp\/v2\/posts\/858\/revisions"}],"predecessor-version":[{"id":862,"href":"https:\/\/diplomatica.tr\/index.php?rest_route=\/wp\/v2\/posts\/858\/revisions\/862"}],"wp:featuredmedia":[{"embeddable":true,"href":"https:\/\/diplomatica.tr\/index.php?rest_route=\/wp\/v2\/media\/861"}],"wp:attachment":[{"href":"https:\/\/diplomatica.tr\/index.php?rest_route=%2Fwp%2Fv2%2Fmedia&parent=858"}],"wp:term":[{"taxonomy":"category","embeddable":true,"href":"https:\/\/diplomatica.tr\/index.php?rest_route=%2Fwp%2Fv2%2Fcategories&post=858"},{"taxonomy":"post_tag","embeddable":true,"href":"https:\/\/diplomatica.tr\/index.php?rest_route=%2Fwp%2Fv2%2Ftags&post=858"}],"curies":[{"name":"wp","href":"https:\/\/api.w.org\/{rel}","templated":true}]}}