{"id":851,"date":"2025-10-19T21:05:04","date_gmt":"2025-10-19T18:05:04","guid":{"rendered":"https:\/\/diplomatica.tr\/?p=851"},"modified":"2025-10-20T11:05:59","modified_gmt":"2025-10-20T08:05:59","slug":"kktcnin-yeni-cumhurbaskani-belli-oldu-tufan-erhurman","status":"publish","type":"post","link":"https:\/\/diplomatica.tr\/?p=851","title":{"rendered":"KKTC\u2019nin yeni Cumhurba\u015fkan\u0131 belli oldu: Tufan\u00a0Erh\u00fcrman"},"content":{"rendered":"\n<p>Kuzey K\u0131br\u0131s T\u00fcrk Cumhuriyeti&#8217;nde (KKTC) bug\u00fcn ger\u00e7ekle\u015ftirilen Cumhurba\u015fkanl\u0131\u011f\u0131 se\u00e7iminin resmi olmayan sonu\u00e7lar\u0131na g\u00f6re Cumhuriyet\u00e7i T\u00fcrk Partisi\u2019nin (CTP) lideri Tufan Erh\u00fcrman, oylar\u0131n y\u00fczde 62,76\u2019s\u0131n\u0131 alarak se\u00e7imi kazand\u0131.<\/p>\n\n\n\n<p>Sonucu merakla beklenen ve CTP lideri Tufan Erh\u00fcrman ile son Cumhurba\u015fkan\u0131 Ersin Tatar\u2019\u0131n ba\u011f\u0131ms\u0131z aday olarak girdi\u011fi se\u00e7imde ipi Tufan Erh\u00fcrman g\u00f6\u011f\u00fcsledi.<\/p>\n\n\n\n<p><strong>KKTC\u2019nin yeni Cumhurba\u015fkan\u0131 Tufan Erh\u00fcrman neyi savunuyor?<\/strong><\/p>\n\n\n\n<p>\u00d6nceki d\u00f6nem Cumhurba\u015fkan\u0131 Ersin Tatar, milliyet\u00e7i bir \u00e7izgiyle ikili devlet anlay\u0131\u015f\u0131n\u0131 savunan, adada iki ayr\u0131 egemen devletin olmas\u0131 gerekti\u011fini s\u00f6yleyen ve federatif bir \u00e7\u00f6z\u00fcm\u00fcn m\u00fcmk\u00fcn olmad\u0131\u011f\u0131n\u0131 belirten bir siyasi fig\u00fcrken; Tufan Erh\u00fcrman ise sosyal demokrat yap\u0131s\u0131yla federatif devlet modelini ve Birle\u015fik K\u0131br\u0131s fikrini savunan bir ba\u015fkan.<\/p>\n\n\n\n<p><strong>KKTC Cumhurba\u015fkanl\u0131\u011f\u0131 se\u00e7imlerini kazanan Tufan Erh\u00fcrman\u2019\u0131n se\u00e7im sonras\u0131 yapt\u0131\u011f\u0131 ilk a\u00e7\u0131klamalar:<\/strong><\/p>\n\n\n\n<ul class=\"wp-block-list\">\n<li>D\u0131\u015f politikayla ilgili sorumluluklar\u0131m\u0131z\u0131 T\u00fcrkiye ile isti\u015fare i\u00e7inde y\u00fcr\u00fctece\u011fiz. Bundan hi\u00e7 kimsenin \u015f\u00fcphesi olmas\u0131n.<\/li>\n\n\n\n<li>D\u0131\u015f politikadaki t\u00fcm meseleler T\u00fcrkiye ile g\u00f6r\u00fc\u015f\u00fclerek y\u00fcr\u00fct\u00fclecek.<\/li>\n<\/ul>\n","protected":false},"excerpt":{"rendered":"<p>Kuzey K\u0131br\u0131s T\u00fcrk Cumhuriyeti&#8217;nde (KKTC) bug\u00fcn ger\u00e7ekle\u015ftirilen Cumhurba\u015fkanl\u0131\u011f\u0131 se\u00e7iminin resmi olmayan sonu\u00e7lar\u0131na g\u00f6re Cumhuriyet\u00e7i T\u00fcrk Partisi\u2019nin (CTP) lideri<\/p>\n","protected":false},"author":1,"featured_media":853,"comment_status":"open","ping_status":"open","sticky":false,"template":"","format":"standard","meta":{"footnotes":""},"categories":[1],"tags":[101,286,99,98,287,288,285],"class_list":["post-851","post","type-post","status-publish","format-standard","has-post-thumbnail","hentry","category-siyaset","tag-cyprus","tag-ersin-tatar","tag-kktc","tag-kuzey-kibris","tag-north-cyprus","tag-secim-2","tag-tufan-erhurman"],"_links":{"self":[{"href":"https:\/\/diplomatica.tr\/index.php?rest_route=\/wp\/v2\/posts\/851","targetHints":{"allow":["GET"]}}],"collection":[{"href":"https:\/\/diplomatica.tr\/index.php?rest_route=\/wp\/v2\/posts"}],"about":[{"href":"https:\/\/diplomatica.tr\/index.php?rest_route=\/wp\/v2\/types\/post"}],"author":[{"embeddable":true,"href":"https:\/\/diplomatica.tr\/index.php?rest_route=\/wp\/v2\/users\/1"}],"replies":[{"embeddable":true,"href":"https:\/\/diplomatica.tr\/index.php?rest_route=%2Fwp%2Fv2%2Fcomments&post=851"}],"version-history":[{"count":2,"href":"https:\/\/diplomatica.tr\/index.php?rest_route=\/wp\/v2\/posts\/851\/revisions"}],"predecessor-version":[{"id":856,"href":"https:\/\/diplomatica.tr\/index.php?rest_route=\/wp\/v2\/posts\/851\/revisions\/856"}],"wp:featuredmedia":[{"embeddable":true,"href":"https:\/\/diplomatica.tr\/index.php?rest_route=\/wp\/v2\/media\/853"}],"wp:attachment":[{"href":"https:\/\/diplomatica.tr\/index.php?rest_route=%2Fwp%2Fv2%2Fmedia&parent=851"}],"wp:term":[{"taxonomy":"category","embeddable":true,"href":"https:\/\/diplomatica.tr\/index.php?rest_route=%2Fwp%2Fv2%2Fcategories&post=851"},{"taxonomy":"post_tag","embeddable":true,"href":"https:\/\/diplomatica.tr\/index.php?rest_route=%2Fwp%2Fv2%2Ftags&post=851"}],"curies":[{"name":"wp","href":"https:\/\/api.w.org\/{rel}","templated":true}]}}