{"id":845,"date":"2025-10-17T19:57:58","date_gmt":"2025-10-17T16:57:58","guid":{"rendered":"https:\/\/diplomatica.tr\/?p=845"},"modified":"2025-10-17T19:58:04","modified_gmt":"2025-10-17T16:58:04","slug":"donald-trump-vladimir-putin-ile-budapestede-bulusacagini-acikladi","status":"publish","type":"post","link":"https:\/\/diplomatica.tr\/?p=845","title":{"rendered":"Donald Trump, Vladimir Putin ile Budape\u015fte&#8217;de bulu\u015faca\u011f\u0131n\u0131 a\u00e7\u0131klad\u0131."},"content":{"rendered":"\n<p>D\u00fcn ak\u015fam saatlerinde ABD ba\u015fkan\u0131 Donald Trump ve Rusya devlet ba\u015fkan\u0131 Vladimir Putin aras\u0131nda bir telefon g\u00f6r\u00fc\u015fmesi ger\u00e7ekle\u015ftirildi.<\/p>\n\n\n\n<p>G\u00f6r\u00fc\u015fme sonras\u0131 Donald Trump, iki lider aras\u0131nda konu\u015fulanlar\u0131 kendi Truth Social hesab\u0131ndan payla\u015ft\u0131.<\/p>\n\n\n\n<p>ABD Ba\u015fkan\u0131 Donald Trump:<\/p>\n\n\n\n<p>Rusya Devlet Ba\u015fkan\u0131 Vladimir Putin ile yapt\u0131\u011f\u0131m telefon g\u00f6r\u00fc\u015fmesini az \u00f6nce tamamlad\u0131m ve olduk\u00e7a verimli ge\u00e7ti. Ba\u015fkan Putin, Orta Do\u011fu\u2019da elde edilen b\u00fcy\u00fck bar\u0131\u015f ba\u015far\u0131s\u0131ndan dolay\u0131 bana ve Amerika Birle\u015fik Devletleri\u2019ne tebriklerini iletti. Bunun y\u00fczy\u0131llard\u0131r hayal edilen bir \u015fey oldu\u011funu s\u00f6yledi. Ben de Orta Do\u011fu\u2019daki bu ba\u015far\u0131n\u0131n, Rusya-Ukrayna Sava\u015f\u0131\u2019n\u0131 sona erdirme y\u00f6n\u00fcndeki m\u00fczakerelerimize yard\u0131mc\u0131 olaca\u011f\u0131na inan\u0131yorum.<\/p>\n\n\n\n<p> Ba\u015fkan Putin, First Lady Melania\u2019ya \u00e7ocuklarla ilgili \u00e7al\u0131\u015fmalar\u0131ndan \u00f6t\u00fcr\u00fc te\u015fekk\u00fcr etti. Bu konudaki katk\u0131lar\u0131ndan \u00e7ok memnun kald\u0131\u011f\u0131n\u0131 ve bunun devam edece\u011fini ifade etti.<\/p>\n\n\n\n<p> Ayr\u0131ca g\u00f6r\u00fc\u015fmemizin b\u00fcy\u00fck bir k\u0131sm\u0131n\u0131, Ukrayna\u2019daki sava\u015f sona erdi\u011finde Rusya ile Amerika Birle\u015fik Devletleri aras\u0131ndaki ticaret \u00fczerine konu\u015ftuk.<\/p>\n\n\n\n<p> G\u00f6r\u00fc\u015fmenin sonunda, gelecek hafta \u00fcst d\u00fczey dan\u0131\u015fmanlar\u0131m\u0131z\u0131n bir toplant\u0131 yapmas\u0131 konusunda mutab\u0131k kald\u0131k. ABD\u2019nin ilk toplant\u0131lar\u0131na D\u0131\u015fi\u015fleri Bakan\u0131 Marco Rubio, belirlenecek \u00e7e\u015fitli di\u011fer yetkililerle birlikte liderlik edecek. Toplant\u0131n\u0131n yap\u0131laca\u011f\u0131 yer daha sonra kararla\u015ft\u0131r\u0131lacak. Ba\u015fkan Putin ve ben ise Rusya ile Ukrayna aras\u0131ndaki bu \u201cutan\u00e7 verici\u201d sava\u015f\u0131 sona erdirip erdiremeyece\u011fimizi g\u00f6rmek i\u00e7in Macaristan\u2019\u0131n ba\u015fkenti Budape\u015fte\u2019de bulu\u015faca\u011f\u0131z.<\/p>\n\n\n\n<p> Ba\u015fkan Zelenskiy ile yar\u0131n Oval Ofis\u2019te bir araya gelece\u011fiz. Kendisiyle Ba\u015fkan Putin\u2019le yapt\u0131\u011f\u0131m g\u00f6r\u00fc\u015fmeyi ve daha bir\u00e7ok konuyu ele alaca\u011f\u0131z. Bug\u00fcnk\u00fc telefon g\u00f6r\u00fc\u015fmesiyle b\u00fcy\u00fck ilerleme kaydedildi\u011fine inan\u0131yorum.<\/p>\n\n\n\n<figure class=\"wp-block-image size-full is-resized\"><img loading=\"lazy\" decoding=\"async\" width=\"580\" height=\"739\" src=\"https:\/\/diplomatica.tr\/wp-content\/uploads\/2025\/10\/G3Zf0GdWgAAIjZd.png\" alt=\"\" class=\"wp-image-848\" style=\"width:367px;height:auto\" srcset=\"https:\/\/diplomatica.tr\/wp-content\/uploads\/2025\/10\/G3Zf0GdWgAAIjZd.png 580w, https:\/\/diplomatica.tr\/wp-content\/uploads\/2025\/10\/G3Zf0GdWgAAIjZd-235x300.png 235w\" sizes=\"auto, (max-width: 580px) 100vw, 580px\" \/><\/figure>\n","protected":false},"excerpt":{"rendered":"<p>D\u00fcn ak\u015fam saatlerinde ABD ba\u015fkan\u0131 Donald Trump ve Rusya devlet ba\u015fkan\u0131 Vladimir Putin aras\u0131nda bir telefon g\u00f6r\u00fc\u015fmesi ger\u00e7ekle\u015ftirildi.<\/p>\n","protected":false},"author":1,"featured_media":846,"comment_status":"open","ping_status":"open","sticky":false,"template":"","format":"standard","meta":{"footnotes":""},"categories":[1],"tags":[76,283,284,281,122,79,77],"class_list":["post-845","post","type-post","status-publish","format-standard","has-post-thumbnail","hentry","category-siyaset","tag-abd","tag-budapest","tag-budapeste","tag-putin","tag-rusya","tag-trump","tag-usa"],"_links":{"self":[{"href":"https:\/\/diplomatica.tr\/index.php?rest_route=\/wp\/v2\/posts\/845","targetHints":{"allow":["GET"]}}],"collection":[{"href":"https:\/\/diplomatica.tr\/index.php?rest_route=\/wp\/v2\/posts"}],"about":[{"href":"https:\/\/diplomatica.tr\/index.php?rest_route=\/wp\/v2\/types\/post"}],"author":[{"embeddable":true,"href":"https:\/\/diplomatica.tr\/index.php?rest_route=\/wp\/v2\/users\/1"}],"replies":[{"embeddable":true,"href":"https:\/\/diplomatica.tr\/index.php?rest_route=%2Fwp%2Fv2%2Fcomments&post=845"}],"version-history":[{"count":1,"href":"https:\/\/diplomatica.tr\/index.php?rest_route=\/wp\/v2\/posts\/845\/revisions"}],"predecessor-version":[{"id":849,"href":"https:\/\/diplomatica.tr\/index.php?rest_route=\/wp\/v2\/posts\/845\/revisions\/849"}],"wp:featuredmedia":[{"embeddable":true,"href":"https:\/\/diplomatica.tr\/index.php?rest_route=\/wp\/v2\/media\/846"}],"wp:attachment":[{"href":"https:\/\/diplomatica.tr\/index.php?rest_route=%2Fwp%2Fv2%2Fmedia&parent=845"}],"wp:term":[{"taxonomy":"category","embeddable":true,"href":"https:\/\/diplomatica.tr\/index.php?rest_route=%2Fwp%2Fv2%2Fcategories&post=845"},{"taxonomy":"post_tag","embeddable":true,"href":"https:\/\/diplomatica.tr\/index.php?rest_route=%2Fwp%2Fv2%2Ftags&post=845"}],"curies":[{"name":"wp","href":"https:\/\/api.w.org\/{rel}","templated":true}]}}