{"id":84,"date":"2025-09-11T09:12:38","date_gmt":"2025-09-11T09:12:38","guid":{"rendered":"https:\/\/diplomatica.tr\/?p=84"},"modified":"2025-10-07T17:13:47","modified_gmt":"2025-10-07T14:13:47","slug":"bir-komsuluk-imtihani-polonyanin-ukraynaya-destek-sureci","status":"publish","type":"post","link":"https:\/\/diplomatica.tr\/?p=84","title":{"rendered":"Bir Kom\u015fuluk \u0130mtihan\u0131: Polonya\u2019n\u0131n Ukrayna\u2019ya Destek S\u00fcreci"},"content":{"rendered":"\n<figure class=\"wp-block-gallery has-nested-images columns-default is-cropped wp-block-gallery-1 is-layout-flex wp-block-gallery-is-layout-flex\">\n<figure class=\"wp-block-image size-large\"><img loading=\"lazy\" decoding=\"async\" width=\"980\" height=\"653\" data-id=\"85\" src=\"https:\/\/diplomatica.tr\/wp-content\/uploads\/2025\/09\/ukrayna-polonya.webp\" alt=\"\" class=\"wp-image-85\" srcset=\"https:\/\/diplomatica.tr\/wp-content\/uploads\/2025\/09\/ukrayna-polonya.webp 980w, https:\/\/diplomatica.tr\/wp-content\/uploads\/2025\/09\/ukrayna-polonya-300x200.webp 300w, https:\/\/diplomatica.tr\/wp-content\/uploads\/2025\/09\/ukrayna-polonya-768x512.webp 768w\" sizes=\"auto, (max-width: 980px) 100vw, 980px\" \/><\/figure>\n<\/figure>\n\n\n\n<p>2022 y\u0131l\u0131nda Rusya\u2019n\u0131n Ukrayna\u2019ya ba\u015flatt\u0131\u011f\u0131 i\u015fgal giri\u015fimi, Avrupa\u2019n\u0131n g\u00fcvenlik dengesini alt\u00fcst etti ve bu s\u00fcre\u00e7te en h\u0131zl\u0131 tepki veren \u00fclkelerden biri Polonya oldu. Polonya&#8217;n\u0131n Ukrayna&#8217;ya verdi\u011fi destek, insani yard\u0131mlar\u0131n \u00f6tesinde, kendi ulusal g\u00fcvenli\u011fiyle do\u011frudan ba\u011flant\u0131l\u0131yd\u0131. Var\u015fova y\u00f6netimi, Ukrayna\u2019n\u0131n d\u00fc\u015fmesi h\u00e2linde s\u0131ran\u0131n kendisine gelebilece\u011fi d\u00fc\u015f\u00fcncesiyle hareket etti. Bu nedenle Ukrayna&#8217;n\u0131n direni\u015fi, yaln\u0131zca kom\u015fu bir \u00fclkenin varl\u0131k m\u00fccadelesi de\u011fil, ayn\u0131 zamanda Polonya&#8217;n\u0131n do\u011frudan g\u00fcvenlik \u00e7\u0131karlar\u0131n\u0131 koruma stratejisinin bir par\u00e7as\u0131yd\u0131. Bu ba\u011flamda tarihsel ge\u00e7mi\u015fin de etkisi b\u00fcy\u00fckt\u00fc: II. D\u00fcnya Sava\u015f\u0131\u2019nda iki totaliter g\u00fc\u00e7 taraf\u0131ndan i\u015fgal edilen Polonya, b\u00fcy\u00fck g\u00fc\u00e7ler kar\u015f\u0131s\u0131nda ya\u015fad\u0131\u011f\u0131 travmatik deneyimi unutmam\u0131\u015ft\u0131. Ukrayna\u2019n\u0131n i\u015fgali, bu tarihsel k\u0131r\u0131lmay\u0131 yeniden g\u00fcndeme ta\u015f\u0131d\u0131 ve Polonya devletini, Rusya\u2019ya kar\u015f\u0131 Ukrayna ad\u0131na yard\u0131m yapmaya itti.<\/p>\n\n\n\n<p>Sava\u015f\u0131n ilk aylar\u0131nda Polonya sokaklar\u0131nda, evlerinde ve market kasalar\u0131nda dahi Ukrayna\u2019ya destek \u00e7a\u011fr\u0131lar\u0131 g\u00f6r\u00fcn\u00fcr h\u00e2le geldi. Bir\u00e7ok zincir markette \u00f6deme s\u0131ras\u0131nda \u201cUkrayna\u2019ya yard\u0131m etmek ister misiniz?\u201d gibi se\u00e7enekler belirirken, yard\u0131m kutular\u0131 ve kampanyalar ola\u011fan g\u00fcnl\u00fck ya\u015fam\u0131n bir par\u00e7as\u0131 h\u00e2line geldi. Devletin Ukrayna yanl\u0131s\u0131 net d\u0131\u015f politikas\u0131, medya s\u00f6ylemi ve sivil inisiyatiflerle birle\u015ferek b\u00fcy\u00fck bir ulusal seferberlik ortam\u0131 olu\u015fturdu. Ancak zaman ilerledik\u00e7e bu dayan\u0131\u015fma ruhu, ekonomik ger\u00e7ekliklerle s\u0131nanmaya ba\u015flad\u0131. &nbsp;M\u00fclteci say\u0131s\u0131ndaki art\u0131\u015f ve devletin Ukrayna\u2019ya aktard\u0131\u011f\u0131 kaynaklar\u0131n b\u00fcy\u00fckl\u00fc\u011f\u00fc, i\u00e7 ekonomik sorunlarla birle\u015ferek halk aras\u0131nda memnuniyetsizlik durumu yaratmaya ba\u015flad\u0131. Artan enflasyon, y\u00fckselen ya\u015fam maliyetleri ve kamu hizmetlerine olan y\u00fck, halk\u0131n \u00f6ncelik alg\u0131s\u0131n\u0131 de\u011fi\u015ftirdi. Ba\u015flang\u0131\u00e7ta g\u00f6n\u00fcll\u00fcl\u00fck temelinde yap\u0131lan yard\u0131mlar, zamanla toplumsal bir y\u00fck olarak g\u00f6r\u00fclmeye ba\u015fland\u0131. B\u00f6ylece \u201c\u00f6nce kendi halk\u0131m\u0131z\u201d s\u00f6ylemi, siyasi ve toplumsal alanda daha fazla kar\u015f\u0131l\u0131k bulmaya ba\u015flad\u0131.<\/p>\n\n\n\n<p>Polonya\u2019n\u0131n Ukrayna politikas\u0131ndaki bu d\u00f6n\u00fc\u015f\u00fcm\u00fc, sava\u015f\u0131n ilk aylar\u0131nda sergilenen g\u00fc\u00e7l\u00fc dayan\u0131\u015fma s\u00f6yleminin zamanla daha hesap\u00e7\u0131 bir yakla\u015f\u0131ma evrilmesiyle dikkat \u00e7ekmektedir. Bu de\u011fi\u015fimin temelinde yaln\u0131zca d\u0131\u015f politikaya ili\u015fkin kayg\u0131lar de\u011fil, ayn\u0131 zamanda i\u00e7 dinamiklerin giderek daha belirleyici h\u00e2le gelmesi yatmaktad\u0131r. Ba\u015flang\u0131\u00e7ta insani ve ahlaki gerek\u00e7elerle \u015fekillenen kamuoyu deste\u011fi, s\u00fcre\u00e7 i\u00e7erisinde sosyoekonomik bask\u0131lar\u0131n artmas\u0131yla birlikte Polonya devleti ad\u0131na daha \u00e7\u0131kar odakl\u0131 bir hale b\u00fcr\u00fcnm\u00fc\u015ft\u00fcr.<\/p>\n\n\n\n<p>Ukraynal\u0131 m\u00fcltecilerin Polonya i\u015f g\u00fcc\u00fc piyasas\u0131na d\u00e2hil olmas\u0131, \u00f6zellikle d\u00fc\u015f\u00fck gelirli sekt\u00f6rlerde ciddi bir rekabet ortam\u0131 yaratm\u0131\u015ft\u0131r. Bu durum, g\u00f6\u00e7men eme\u011finin yerli i\u015f\u00e7ilerle olan ili\u015fkisini yeniden g\u00fcndeme getirirken, sosyal uyum ba\u011flam\u0131nda da \u00e7e\u015fitli gerilim alanlar\u0131 do\u011furmu\u015ftur. Konut fiyatlar\u0131ndaki art\u0131\u015f, sa\u011fl\u0131k ve e\u011fitim gibi temel kamu hizmetlerindeki yo\u011funluk, m\u00fclteci meselesinin k\u0131sa vadeli bir insani mesele olmaktan \u00e7\u0131k\u0131p uzun vadeli bir krize d\u00f6n\u00fc\u015ft\u00fc\u011f\u00fcn\u00fc g\u00f6stermektedir. Dolay\u0131s\u0131yla, ilk etapta dayan\u0131\u015fma ve misafirperverlik \u00e7er\u00e7evesinde \u015fekillenen kamu politikalar\u0131, giderek daha rasyonel ve s\u0131n\u0131rl\u0131 bir deste\u011fe d\u00f6n\u00fc\u015fm\u00fc\u015ft\u00fcr.<\/p>\n\n\n\n<p>Bu d\u00f6n\u00fc\u015f\u00fcm yaln\u0131zca toplumsal alanda de\u011fil, sekt\u00f6rel d\u00fczeyde de g\u00f6zlemlenmektedir. Tar\u0131m ve ta\u015f\u0131mac\u0131l\u0131k gibi ekonomik a\u00e7\u0131dan stratejik sekt\u00f6rlerde ortaya \u00e7\u0131kan yap\u0131sal sorunlar, Polonya-Ukrayna ili\u015fkilerinde yeni bir gerilim hatt\u0131 olu\u015fturmu\u015ftur. \u00d6zellikle Ukrayna men\u015feli tar\u0131m \u00fcr\u00fcnlerinin Avrupa pazar\u0131na y\u00f6nelmesi, Polonyal\u0131 \u00e7ift\u00e7ilerin gelir kay\u0131plar\u0131na yol a\u00e7m\u0131\u015f ve geni\u015f \u00e7apl\u0131 protestolara neden olmu\u015ftur. Bu durum, destek politikalar\u0131n\u0131n yaln\u0131zca d\u0131\u015f politika tercihi de\u011fil, ayn\u0131 zamanda i\u00e7 ekonomik istikrar a\u00e7\u0131s\u0131ndan da yeniden de\u011ferlendirilmesi gerekti\u011fini ortaya koymu\u015ftur. Benzer \u015fekilde, ta\u015f\u0131mac\u0131l\u0131k sekt\u00f6r\u00fcnde artan rekabet, s\u0131n\u0131r b\u00f6lgelerinde fiziksel gerilimler do\u011furacak kadar ileriye gitmi\u015ftir. Bu \u00f6rnekler, Ukrayna meselesinin yaln\u0131zca bir \u201cdayan\u0131\u015fma\u201d de\u011fil, ayn\u0131 zamanda ekonomik \u00e7\u0131karlar ve toplumsal taleplerle i\u00e7 i\u00e7e ge\u00e7mi\u015f karma\u015f\u0131k bir denklem oldu\u011funu a\u00e7\u0131k\u00e7a g\u00f6stermektedir.<\/p>\n\n\n\n<p>Bu i\u00e7 gerilimlerin artmas\u0131, Polonya\u2019daki siyasi s\u00f6ylemi ve d\u0131\u015f politika stratejilerini de etkilemi\u015ftir. Ukrayna\u2019ya verilen deste\u011fin kapsam\u0131, ba\u015flang\u0131\u00e7ta toplumun b\u00fcy\u00fck bir kesimi taraf\u0131ndan benimsenmi\u015f ve geni\u015f bir siyasal mutabakatla desteklenmi\u015ftir. Ancak zaman i\u00e7erisinde, yakla\u015fan se\u00e7im s\u00fcre\u00e7leri ve artan ekonomik y\u00fckler, siyasi akt\u00f6rler aras\u0131nda belirgin g\u00f6r\u00fc\u015f ayr\u0131l\u0131klar\u0131na neden olmu\u015ftur. H\u00fck\u00fcmetin s\u00f6yleminde ya\u015fanan de\u011fi\u015fim, i\u00e7 politikan\u0131n d\u0131\u015f politika \u00fczerindeki etkisini kan\u0131tlar niteliktedir. B\u00f6ylece Polonya y\u00f6netimi, Ukrayna\u2019ya sa\u011flanan deste\u011fin s\u00fcrd\u00fcr\u00fclebilirli\u011fi konusunda daha temkinli ad\u0131mlar atmaya ba\u015flam\u0131\u015f; bu ba\u011flamda AB ve NATO gibi uluslararas\u0131 yap\u0131lardan daha fazla y\u00fck payla\u015f\u0131m\u0131 talep etmi\u015ftir. Bu politika de\u011fi\u015fikli\u011fi, Polonya\u2019n\u0131n Ukrayna\u2019dan uzakla\u015ft\u0131\u011f\u0131 anlam\u0131na gelmemektedir. Aksine, verilen deste\u011fin daha planl\u0131, koordineli ve uzun vadeli bi\u00e7imde yeniden yap\u0131land\u0131r\u0131lmak istendi\u011fini ortaya koymaktad\u0131r.<\/p>\n\n\n\n<p>Bu s\u00fcre\u00e7te medya s\u00f6yleminde de belirgin bir de\u011fi\u015fim g\u00f6zlemlenmi\u015ftir. Sava\u015f\u0131n ilk d\u00f6nemlerinde h\u00e2kim olan duygusal bak\u0131\u015f ve romantik anlat\u0131m, zamanla daha ele\u015ftirel ve sorgulay\u0131c\u0131 bir dile evrilmi\u015ftir. \u00d6zellikle h\u00fck\u00fcmetin g\u00f6\u00e7 y\u00f6netimi konusunda yetersiz kald\u0131\u011f\u0131 alanlar, medya organlar\u0131 taraf\u0131ndan s\u0131k\u00e7a g\u00fcndeme ta\u015f\u0131nm\u0131\u015f; ekonomik y\u00fck\u00fcn adaletsiz da\u011f\u0131l\u0131m\u0131 ve stratejik planlamadaki eksiklikler ele\u015ftiri konusu olmu\u015ftur. Bu de\u011fi\u015fim, yaln\u0131zca medyan\u0131n s\u00f6ylemiyle s\u0131n\u0131rl\u0131 kalmam\u0131\u015f, kamuoyunun genel e\u011filimlerinde de Polonya halk\u0131nda Ukraynal\u0131 m\u00fcltecilere kar\u015f\u0131 g\u00fcn ge\u00e7tik\u00e7e daha mesafeli bir tav\u0131r tak\u0131nd\u0131\u011f\u0131 g\u00f6zlemlenmi\u015ftir.<\/p>\n\n\n\n<p>Sonu\u00e7 olarak Polonya\u2019n\u0131n Ukrayna politikas\u0131ndaki g\u00f6r\u00fc\u015f\u00fc, yaln\u0131zca d\u0131\u015f politika ba\u011flam\u0131nda de\u011fil, i\u00e7 toplumsal ve ekonomik yap\u0131lar\u0131n etkile\u015fimiyle \u015fekillenen \u00e7ok katmanl\u0131 bir s\u00fcrece d\u00f6n\u00fc\u015fm\u00fc\u015ft\u00fcr. Bu d\u00f6n\u00fc\u015f\u00fcm, d\u0131\u015f politika kararlar\u0131n\u0131n ne \u00f6l\u00e7\u00fcde i\u00e7 politika kararlar\u0131na ba\u011fl\u0131 oldu\u011funu g\u00f6stermesi bak\u0131m\u0131ndan dikkat \u00e7ekicidir. Polonya \u00f6rne\u011fi, insani krizlerde sergilenen dayan\u0131\u015fman\u0131n uzun vadede istikrar kayb\u0131na u\u011frayabilece\u011finin en somut kan\u0131t\u0131 olmu\u015ftur. Bu do\u011frultuda, Polonya-Ukrayna ili\u015fkileri art\u0131k yaln\u0131zca tarihsel ve co\u011frafi yak\u0131nl\u0131kla de\u011fil, ayn\u0131 zamanda stratejik ve sosyopolitik \u00e7\u0131karlar \u00e7er\u00e7evesinde yeniden \u015fekillenmektedir.<\/p>\n\n\n\n<hr class=\"wp-block-separator has-alpha-channel-opacity\"\/>\n\n\n\n<p><\/p>\n","protected":false},"excerpt":{"rendered":"<p>2022 y\u0131l\u0131nda Rusya\u2019n\u0131n Ukrayna\u2019ya ba\u015flatt\u0131\u011f\u0131 i\u015fgal giri\u015fimi, Avrupa\u2019n\u0131n g\u00fcvenlik dengesini alt\u00fcst etti ve bu s\u00fcre\u00e7te en h\u0131zl\u0131 tepki<\/p>\n","protected":false},"author":1,"featured_media":0,"comment_status":"open","ping_status":"open","sticky":false,"template":"","format":"standard","meta":{"footnotes":""},"categories":[1],"tags":[50],"class_list":["post-84","post","type-post","status-publish","format-standard","hentry","category-siyaset","tag-polonya-ukrayna-poland-ukraine"],"_links":{"self":[{"href":"https:\/\/diplomatica.tr\/index.php?rest_route=\/wp\/v2\/posts\/84","targetHints":{"allow":["GET"]}}],"collection":[{"href":"https:\/\/diplomatica.tr\/index.php?rest_route=\/wp\/v2\/posts"}],"about":[{"href":"https:\/\/diplomatica.tr\/index.php?rest_route=\/wp\/v2\/types\/post"}],"author":[{"embeddable":true,"href":"https:\/\/diplomatica.tr\/index.php?rest_route=\/wp\/v2\/users\/1"}],"replies":[{"embeddable":true,"href":"https:\/\/diplomatica.tr\/index.php?rest_route=%2Fwp%2Fv2%2Fcomments&post=84"}],"version-history":[{"count":1,"href":"https:\/\/diplomatica.tr\/index.php?rest_route=\/wp\/v2\/posts\/84\/revisions"}],"predecessor-version":[{"id":86,"href":"https:\/\/diplomatica.tr\/index.php?rest_route=\/wp\/v2\/posts\/84\/revisions\/86"}],"wp:attachment":[{"href":"https:\/\/diplomatica.tr\/index.php?rest_route=%2Fwp%2Fv2%2Fmedia&parent=84"}],"wp:term":[{"taxonomy":"category","embeddable":true,"href":"https:\/\/diplomatica.tr\/index.php?rest_route=%2Fwp%2Fv2%2Fcategories&post=84"},{"taxonomy":"post_tag","embeddable":true,"href":"https:\/\/diplomatica.tr\/index.php?rest_route=%2Fwp%2Fv2%2Ftags&post=84"}],"curies":[{"name":"wp","href":"https:\/\/api.w.org\/{rel}","templated":true}]}}