{"id":835,"date":"2025-10-16T15:43:05","date_gmt":"2025-10-16T12:43:05","guid":{"rendered":"https:\/\/diplomatica.tr\/?p=835"},"modified":"2025-10-16T15:43:34","modified_gmt":"2025-10-16T12:43:34","slug":"yunanistanin-turkiyenin-safeye-katilimini-engellemesi-abnin-cikarlarina-zarar-veriyor","status":"publish","type":"post","link":"https:\/\/diplomatica.tr\/?p=835","title":{"rendered":"Yunanistan\u2019\u0131n T\u00fcrkiye\u2019nin SAFE\u2019ye kat\u0131l\u0131m\u0131n\u0131 engellemesi, AB\u2019nin \u00e7\u0131karlar\u0131na zarar veriyor"},"content":{"rendered":"\n<p>Avrupa Birli\u011fi\u2019nin bir\u00e7ok \u00fcyesi, T\u00fcrkiye\u2019nin ba\u015far\u0131l\u0131 savunma sanayii teknolojileri nedeniyle AB\u2019nin G\u00fcvenlik ve Savunma Sanayii Program\u0131\u2019na (SAFE) kat\u0131l\u0131m\u0131n\u0131 destekliyor.<\/p>\n\n\n\n<p>Ancak, Yunanistan&#8217;\u0131n itirazlar\u0131 s\u00fcreci geciktiriyor. Yunanistan, Ankara ile olan karma\u015f\u0131k ili\u015fkileri ve T\u00fcrkiye\u2019nin Moskova ile olan yak\u0131nl\u0131\u011f\u0131n\u0131 gerek\u00e7e g\u00f6stererek vetosunu s\u00fcrd\u00fcr\u00fcyor.<\/p>\n\n\n\n<p> Almanya D\u0131\u015fi\u015fleri Bakan\u0131 ve \u015eans\u00f6lye Friedrich Merz\u2019in de aralar\u0131nda bulundu\u011fu Avrupal\u0131 liderlerin, Yunanistan\u2019\u0131 vetosunu kald\u0131rmaya ikna etmek i\u00e7in bask\u0131 yapt\u0131\u011f\u0131 belirtiliyor.<\/p>\n\n\n\n<p> Avrupa Komisyonu, T\u00fcrkiye\u2019nin eyl\u00fcl ay\u0131nda yapt\u0131\u011f\u0131 ba\u015fvurunun hala incelendi\u011fini do\u011frularken, 30 Kas\u0131m olan son ba\u015fvuru tarihi yakla\u015f\u0131yor. Konunun bu ay sonunda yap\u0131lacak AB liderler zirvesinde netle\u015fmesi bekleniyor.<\/p>\n\n\n\n<p><a href=\"https:\/\/report.az\/ru\/drugie-strany\/blokirovanie-greciej-uchastiya-turcii-v-safe-tolko-vredit-interesam-es\">https:\/\/report.az\/ru\/drugie-strany\/blokirovanie-greciej-uchastiya-turcii-v-safe-tolko-vredit-interesam-es<\/a><\/p>\n","protected":false},"excerpt":{"rendered":"<p>Avrupa Birli\u011fi\u2019nin bir\u00e7ok \u00fcyesi, T\u00fcrkiye\u2019nin ba\u015far\u0131l\u0131 savunma sanayii teknolojileri nedeniyle AB\u2019nin G\u00fcvenlik ve Savunma Sanayii Program\u0131\u2019na (SAFE) kat\u0131l\u0131m\u0131n\u0131<\/p>\n","protected":false},"author":1,"featured_media":838,"comment_status":"open","ping_status":"open","sticky":false,"template":"","format":"standard","meta":{"footnotes":""},"categories":[1],"tags":[147,134,137,148,280,78,13,279],"class_list":["post-835","post","type-post","status-publish","format-standard","has-post-thumbnail","hentry","category-siyaset","tag-avrupa-birligi","tag-avrupa-komisyonu","tag-european-commission","tag-european-union","tag-greece","tag-turkey","tag-turkiye","tag-yunanistan"],"_links":{"self":[{"href":"https:\/\/diplomatica.tr\/index.php?rest_route=\/wp\/v2\/posts\/835","targetHints":{"allow":["GET"]}}],"collection":[{"href":"https:\/\/diplomatica.tr\/index.php?rest_route=\/wp\/v2\/posts"}],"about":[{"href":"https:\/\/diplomatica.tr\/index.php?rest_route=\/wp\/v2\/types\/post"}],"author":[{"embeddable":true,"href":"https:\/\/diplomatica.tr\/index.php?rest_route=\/wp\/v2\/users\/1"}],"replies":[{"embeddable":true,"href":"https:\/\/diplomatica.tr\/index.php?rest_route=%2Fwp%2Fv2%2Fcomments&post=835"}],"version-history":[{"count":2,"href":"https:\/\/diplomatica.tr\/index.php?rest_route=\/wp\/v2\/posts\/835\/revisions"}],"predecessor-version":[{"id":843,"href":"https:\/\/diplomatica.tr\/index.php?rest_route=\/wp\/v2\/posts\/835\/revisions\/843"}],"wp:featuredmedia":[{"embeddable":true,"href":"https:\/\/diplomatica.tr\/index.php?rest_route=\/wp\/v2\/media\/838"}],"wp:attachment":[{"href":"https:\/\/diplomatica.tr\/index.php?rest_route=%2Fwp%2Fv2%2Fmedia&parent=835"}],"wp:term":[{"taxonomy":"category","embeddable":true,"href":"https:\/\/diplomatica.tr\/index.php?rest_route=%2Fwp%2Fv2%2Fcategories&post=835"},{"taxonomy":"post_tag","embeddable":true,"href":"https:\/\/diplomatica.tr\/index.php?rest_route=%2Fwp%2Fv2%2Ftags&post=835"}],"curies":[{"name":"wp","href":"https:\/\/api.w.org\/{rel}","templated":true}]}}