{"id":822,"date":"2025-10-15T00:29:40","date_gmt":"2025-10-14T21:29:40","guid":{"rendered":"https:\/\/diplomatica.tr\/?p=822"},"modified":"2025-10-15T00:29:47","modified_gmt":"2025-10-14T21:29:47","slug":"milli-takimimiza-gurcistan-karsisinda-35-dakika-yetti","status":"publish","type":"post","link":"https:\/\/diplomatica.tr\/?p=822","title":{"rendered":"Milli Tak\u0131m\u0131m\u0131za G\u00fcrcistan Kar\u015f\u0131s\u0131nda 35 Dakika Yetti!"},"content":{"rendered":"\n<p>A Mill\u00ee Futbol Tak\u0131m\u0131m\u0131z, 2026 D\u00fcnya Kupas\u0131 Avrupa Elemeleri E Grubu\u2019nda Kocaeli\u2019de \u00e7\u0131kt\u0131\u011f\u0131 ma\u00e7ta G\u00fcrcistan\u2019\u0131 adeta sahadan sildi. Ay-Y\u0131ld\u0131zl\u0131lar, rakibini 4-1 ma\u011flup ederek gruptaki 2.&#8217;lik koltu\u011funu adeta per\u00e7inlemi\u015f oldu.<\/p>\n\n\n\n<figure class=\"wp-block-image size-large is-resized\"><img loading=\"lazy\" decoding=\"async\" width=\"1024\" height=\"1024\" src=\"https:\/\/diplomatica.tr\/wp-content\/uploads\/2025\/10\/G3P9CD8WgAAUBcy-1-1024x1024.jpg\" alt=\"\" class=\"wp-image-829\" style=\"width:346px;height:auto\" srcset=\"https:\/\/diplomatica.tr\/wp-content\/uploads\/2025\/10\/G3P9CD8WgAAUBcy-1-1024x1024.jpg 1024w, https:\/\/diplomatica.tr\/wp-content\/uploads\/2025\/10\/G3P9CD8WgAAUBcy-1-300x300.jpg 300w, https:\/\/diplomatica.tr\/wp-content\/uploads\/2025\/10\/G3P9CD8WgAAUBcy-1-150x150.jpg 150w, https:\/\/diplomatica.tr\/wp-content\/uploads\/2025\/10\/G3P9CD8WgAAUBcy-1-768x768.jpg 768w, https:\/\/diplomatica.tr\/wp-content\/uploads\/2025\/10\/G3P9CD8WgAAUBcy-1-1536x1536.jpg 1536w, https:\/\/diplomatica.tr\/wp-content\/uploads\/2025\/10\/G3P9CD8WgAAUBcy-1.jpg 1600w\" sizes=\"auto, (max-width: 1024px) 100vw, 1024px\" \/><\/figure>\n\n\n\n<p>Ma\u00e7\u0131n ilk dakikalar\u0131ndan itibaren bask\u0131s\u0131n\u0131 hissettiren T\u00fcrkiye, 14. dakikada Abd\u00fclkerim Bardak\u00e7\u0131&#8217;n\u0131n nefis pas\u0131 ve Kenan Y\u0131ld\u0131z\u2019\u0131n \u015f\u0131k bitiri\u015fiyle \u00f6ne ge\u00e7ti. H\u00fccumda durmak bilmeyen milliler, 22. dakikada Merih Demiral\u2019\u0131n kafa gol\u00fcyle fark\u0131 ikiye \u00e7\u0131kard\u0131. Trib\u00fcnleri aya\u011fa kald\u0131ran bir ba\u015fka gol ise 35. dakikada Yunus Akg\u00fcn\u2019den geldi. \u0130lk yar\u0131, T\u00fcrkiye\u2019nin futbol \u015f\u00f6leni e\u015fli\u011finde 3-0\u2019l\u0131k net \u00fcst\u00fcnl\u00fc\u011f\u00fcyle sona erdi.<\/p>\n\n\n\n<p>\u0130kinci yar\u0131n\u0131n 52. dakikas\u0131nda bir kez daha Merih Demiral sahneye \u00e7\u0131kt\u0131 ve durumu 4-0&#8217;a ta\u015f\u0131d\u0131. 4-0&#8217;\u0131n ard\u0131ndan millilerimizde oyundan d\u00fc\u015f\u00fc\u015f g\u00f6r\u00fcld\u00fc ve bunun sonucunda G\u00fcrcistan 64. dakikada Kochorashvili ile gol\u00fc buldu. Ancak G\u00fcrcistan&#8217;a bu gol yetmedi ve ma\u00e7 4-1&#8217;lik T\u00fcrkiye \u00fcst\u00fcnl\u00fc\u011f\u00fcyle tamamland\u0131.<\/p>\n\n\n\n<p>Gerek savunma tandemimizde Abd\u00fclkerim-Merih ikilisinin g\u00f6z dolduran performans\u0131 olsun, gerek h\u00fccum oyuncular\u0131m\u0131z\u0131n birbirine uyumu olsun milli tak\u0131m\u0131m\u0131z bug\u00fcn sahada %100&#8217;\u00fcn\u00fc vererek oynad\u0131.<\/p>\n\n\n\n<p>Bir tebrik de m\u00fckemmel bir koreografi ve destekle neredeyse sahan\u0131n i\u00e7inde olan Kocaeli trib\u00fcnlerine&#8230;<\/p>\n\n\n\n<figure class=\"wp-block-image size-large is-resized\"><img loading=\"lazy\" decoding=\"async\" width=\"1024\" height=\"576\" src=\"https:\/\/diplomatica.tr\/wp-content\/uploads\/2025\/10\/G3PfBbhWEAAQlY3-1024x576.jpg\" alt=\"\" class=\"wp-image-830\" style=\"width:584px;height:auto\" srcset=\"https:\/\/diplomatica.tr\/wp-content\/uploads\/2025\/10\/G3PfBbhWEAAQlY3-1024x576.jpg 1024w, https:\/\/diplomatica.tr\/wp-content\/uploads\/2025\/10\/G3PfBbhWEAAQlY3-300x169.jpg 300w, https:\/\/diplomatica.tr\/wp-content\/uploads\/2025\/10\/G3PfBbhWEAAQlY3-768x432.jpg 768w, https:\/\/diplomatica.tr\/wp-content\/uploads\/2025\/10\/G3PfBbhWEAAQlY3-1536x864.jpg 1536w, https:\/\/diplomatica.tr\/wp-content\/uploads\/2025\/10\/G3PfBbhWEAAQlY3.jpg 1664w\" sizes=\"auto, (max-width: 1024px) 100vw, 1024px\" \/><\/figure>\n","protected":false},"excerpt":{"rendered":"<p>A Mill\u00ee Futbol Tak\u0131m\u0131m\u0131z, 2026 D\u00fcnya Kupas\u0131 Avrupa Elemeleri E Grubu\u2019nda Kocaeli\u2019de \u00e7\u0131kt\u0131\u011f\u0131 ma\u00e7ta G\u00fcrcistan\u2019\u0131 adeta sahadan sildi.<\/p>\n","protected":false},"author":1,"featured_media":828,"comment_status":"open","ping_status":"open","sticky":false,"template":"","format":"standard","meta":{"footnotes":""},"categories":[8],"tags":[273,248,274,272,78,13,249],"class_list":["post-822","post","type-post","status-publish","format-standard","has-post-thumbnail","hentry","category-spor","tag-273","tag-dunya-kupasi","tag-georgia","tag-gurcistan","tag-turkey","tag-turkiye","tag-world-cup"],"_links":{"self":[{"href":"https:\/\/diplomatica.tr\/index.php?rest_route=\/wp\/v2\/posts\/822","targetHints":{"allow":["GET"]}}],"collection":[{"href":"https:\/\/diplomatica.tr\/index.php?rest_route=\/wp\/v2\/posts"}],"about":[{"href":"https:\/\/diplomatica.tr\/index.php?rest_route=\/wp\/v2\/types\/post"}],"author":[{"embeddable":true,"href":"https:\/\/diplomatica.tr\/index.php?rest_route=\/wp\/v2\/users\/1"}],"replies":[{"embeddable":true,"href":"https:\/\/diplomatica.tr\/index.php?rest_route=%2Fwp%2Fv2%2Fcomments&post=822"}],"version-history":[{"count":2,"href":"https:\/\/diplomatica.tr\/index.php?rest_route=\/wp\/v2\/posts\/822\/revisions"}],"predecessor-version":[{"id":832,"href":"https:\/\/diplomatica.tr\/index.php?rest_route=\/wp\/v2\/posts\/822\/revisions\/832"}],"wp:featuredmedia":[{"embeddable":true,"href":"https:\/\/diplomatica.tr\/index.php?rest_route=\/wp\/v2\/media\/828"}],"wp:attachment":[{"href":"https:\/\/diplomatica.tr\/index.php?rest_route=%2Fwp%2Fv2%2Fmedia&parent=822"}],"wp:term":[{"taxonomy":"category","embeddable":true,"href":"https:\/\/diplomatica.tr\/index.php?rest_route=%2Fwp%2Fv2%2Fcategories&post=822"},{"taxonomy":"post_tag","embeddable":true,"href":"https:\/\/diplomatica.tr\/index.php?rest_route=%2Fwp%2Fv2%2Ftags&post=822"}],"curies":[{"name":"wp","href":"https:\/\/api.w.org\/{rel}","templated":true}]}}