{"id":819,"date":"2025-10-13T14:09:09","date_gmt":"2025-10-13T11:09:09","guid":{"rendered":"https:\/\/diplomatica.tr\/?p=819"},"modified":"2025-10-16T15:31:18","modified_gmt":"2025-10-16T12:31:18","slug":"dunyanin-gozu-misirdaki-baris-zirvesinde","status":"publish","type":"post","link":"https:\/\/diplomatica.tr\/?p=819","title":{"rendered":"D\u00fcnya&#8217;n\u0131n g\u00f6z\u00fc M\u0131s\u0131r&#8217;daki bar\u0131\u015f zirvesinde!"},"content":{"rendered":"\n<p>Bug\u00fcn M\u0131s\u0131r\u2019\u0131n \u015earm el-\u015eeyh kentinde ger\u00e7ekle\u015ftirilecek tarihi bar\u0131\u015f zirvesi, Ortado\u011fu\u2019da y\u0131llard\u0131r s\u00fcren \u0130srail-Filistin \u00e7at\u0131\u015fmas\u0131na son verebilecek en kritik diplomatik ad\u0131m olarak g\u00f6r\u00fcl\u00fcyor.<\/p>\n\n\n\n<p> Zirveye M\u0131s\u0131r Cumhurba\u015fkan\u0131 Abd\u00fclfettah es-Sisi ev sahipli\u011fi yaparken ABD Ba\u015fkan\u0131 Donald Trump, T\u00fcrkiye Cumhurba\u015fkan\u0131 Recep Tayyip Erdo\u011fan, Fransa Cumhurba\u015fkan\u0131 Emmanuel Macron, \u00dcrd\u00fcn Kral\u0131 II. Abdullah, Katar Emiri \u015eeyh Tamim bin Hamad Al Thani, Filistin Devlet Ba\u015fkan\u0131 Mahmud Abbas ve \u0130ngiltere Ba\u015fbakan\u0131 Keir Starmer gibi bir\u00e7ok \u00f6nemli lider kat\u0131lacak. Zirvenin ana g\u00fcndemi kal\u0131c\u0131 ate\u015fkes, esir de\u011fi\u015fimi, Gazze\u2019nin yeniden yap\u0131lanmas\u0131 ve b\u00f6lgesel g\u00fcvenlik garantileri \u00fczerine yo\u011funla\u015ft\u0131.<\/p>\n\n\n\n<p>\u0130srail Ba\u015fbakan\u0131 Benjamin Netanyahu ise zirveye kat\u0131lmama karar\u0131 ald\u0131. Netanyahu\u2019nun ofisinden yap\u0131lan a\u00e7\u0131klamada, karar\u0131n Yahudi bayram\u0131 nedeniyle al\u0131nd\u0131\u011f\u0131 belirtildi.<\/p>\n\n\n\n<p>Zirvenin hemen \u00f6ncesinde Cumhurba\u015fkan\u0131 Erdo\u011fan, \u00f6zel u\u00e7akla M\u0131s\u0131r\u2019a geldi. Donald Trump da zirve \u00f6ncesinde yapt\u0131\u011f\u0131 a\u00e7\u0131klamalarda Erdo\u011fan\u2019\u0131 \u201cbar\u0131\u015f\u0131n ger\u00e7ekle\u015fmesi i\u00e7in gerekli bir liderdi\u201d s\u00f6zleriyle s\u00fcre\u00e7 boyunca g\u00f6sterdi\u011fi \u00e7abalar\u0131ndan dolay\u0131 kendisini tebrik etti.<\/p>\n\n\n\n<p>Trump, zirve \u00f6ncesi \u0130srail Parlamentosu Knesset\u2019te yapt\u0131\u011f\u0131 konu\u015fmada da ayakta alk\u0131\u015fland\u0131. Salondaki vekillerin uzun s\u00fcre alk\u0131\u015flad\u0131\u011f\u0131 Trump, konu\u015fmas\u0131nda \u201cBu zirve, Ortado\u011fu\u2019da bar\u0131\u015f\u0131n kap\u0131s\u0131n\u0131 aralayacak. Art\u0131k sava\u015f bitti, uzla\u015fma zaman\u0131\u201d ifadelerini kulland\u0131.<\/p>\n\n\n\n<p>Zirveyle e\u015f zamanl\u0131 olarak \u0130srail ile Hamas aras\u0131nda esir takas\u0131 s\u00fcreci de ba\u015flad\u0131. Hamas, Gazze\u2019de tuttu\u011fu 20 \u0130srailli esiri serbest b\u0131rakt\u0131; \u0130srail ise 1.900 Filistinli tutuklunun tahliyesine onay verdi. Uluslararas\u0131 K\u0131z\u0131lha\u00e7 yetkilileri, ilk mahk\u00fbm konvoylar\u0131n\u0131n Ofer Cezaevi\u2019nden ayr\u0131ld\u0131\u011f\u0131n\u0131 do\u011frulad\u0131.<\/p>\n","protected":false},"excerpt":{"rendered":"<p>Bug\u00fcn M\u0131s\u0131r\u2019\u0131n \u015earm el-\u015eeyh kentinde ger\u00e7ekle\u015ftirilecek tarihi bar\u0131\u015f zirvesi, Ortado\u011fu\u2019da y\u0131llard\u0131r s\u00fcren \u0130srail-Filistin \u00e7at\u0131\u015fmas\u0131na son verebilecek en kritik<\/p>\n","protected":false},"author":1,"featured_media":842,"comment_status":"open","ping_status":"open","sticky":false,"template":"","format":"standard","meta":{"footnotes":""},"categories":[1],"tags":[270,268,80,264,106,262,267,226,263,269,79,271],"class_list":["post-819","post","type-post","status-publish","format-standard","has-post-thumbnail","hentry","category-siyaset","tag-baris-antlasmasi","tag-egypt","tag-erdogan","tag-filistin-2","tag-israel","tag-israil-3","tag-misir","tag-netanyahu","tag-palestine-2","tag-sisi","tag-trump","tag-zirve"],"_links":{"self":[{"href":"https:\/\/diplomatica.tr\/index.php?rest_route=\/wp\/v2\/posts\/819","targetHints":{"allow":["GET"]}}],"collection":[{"href":"https:\/\/diplomatica.tr\/index.php?rest_route=\/wp\/v2\/posts"}],"about":[{"href":"https:\/\/diplomatica.tr\/index.php?rest_route=\/wp\/v2\/types\/post"}],"author":[{"embeddable":true,"href":"https:\/\/diplomatica.tr\/index.php?rest_route=\/wp\/v2\/users\/1"}],"replies":[{"embeddable":true,"href":"https:\/\/diplomatica.tr\/index.php?rest_route=%2Fwp%2Fv2%2Fcomments&post=819"}],"version-history":[{"count":1,"href":"https:\/\/diplomatica.tr\/index.php?rest_route=\/wp\/v2\/posts\/819\/revisions"}],"predecessor-version":[{"id":821,"href":"https:\/\/diplomatica.tr\/index.php?rest_route=\/wp\/v2\/posts\/819\/revisions\/821"}],"wp:featuredmedia":[{"embeddable":true,"href":"https:\/\/diplomatica.tr\/index.php?rest_route=\/wp\/v2\/media\/842"}],"wp:attachment":[{"href":"https:\/\/diplomatica.tr\/index.php?rest_route=%2Fwp%2Fv2%2Fmedia&parent=819"}],"wp:term":[{"taxonomy":"category","embeddable":true,"href":"https:\/\/diplomatica.tr\/index.php?rest_route=%2Fwp%2Fv2%2Fcategories&post=819"},{"taxonomy":"post_tag","embeddable":true,"href":"https:\/\/diplomatica.tr\/index.php?rest_route=%2Fwp%2Fv2%2Ftags&post=819"}],"curies":[{"name":"wp","href":"https:\/\/api.w.org\/{rel}","templated":true}]}}