{"id":815,"date":"2025-10-12T20:11:15","date_gmt":"2025-10-12T17:11:15","guid":{"rendered":"https:\/\/diplomatica.tr\/?p=815"},"modified":"2025-10-12T20:11:22","modified_gmt":"2025-10-12T17:11:22","slug":"abde-elektronik-sinir-donemi-basliyor-pasaport-damgalari-tarih-oluyor","status":"publish","type":"post","link":"https:\/\/diplomatica.tr\/?p=815","title":{"rendered":"AB\u2019de elektronik s\u0131n\u0131r d\u00f6nemi ba\u015fl\u0131yor: Pasaport damgalar\u0131 tarih oluyor"},"content":{"rendered":"\n<p>Avrupa Birli\u011fi, s\u0131n\u0131r kontrollerinde dijital d\u00f6nemi ba\u015flat\u0131yor. Yeni Giri\u015f\/\u00c7\u0131k\u0131\u015f Sistemi (EES) ile Schengen b\u00f6lgesine giri\u015f yapan yolcular\u0131n pasaportlar\u0131 taranacak, parmak izleri al\u0131nacak ve foto\u011fraflar\u0131 \u00e7ekilecek. Sistem, 10 Nisan 2026 itibar\u0131yla t\u00fcm \u00fcye \u00fclkelerde tamamen uygulanacak.<\/p>\n\n\n\n<p>AB, EES\u2019i hayata ge\u00e7irerek fazla vize kullan\u0131m\u0131n\u0131 engellemeyi ve yasad\u0131\u015f\u0131 g\u00f6\u00e7 ile kimlik sahtecili\u011fine kar\u015f\u0131 \u00f6nlem almay\u0131 hedefliyor. Sistem, yolcular\u0131n kimlik do\u011frulama s\u00fcre\u00e7lerini dijital olarak kaydederek, AB genelinde ortak bir veri taban\u0131 olu\u015fturacak.<\/p>\n\n\n\n<p>Avrupa Komisyonu \u0130\u00e7i\u015fleri ve G\u00f6\u00e7ten Sorumlu \u00dcyesi Magnus Brunner, sistemin Avrupa\u2019n\u0131n g\u00f6\u00e7 ve iltica alan\u0131ndaki ortak dijital altyap\u0131s\u0131n\u0131 g\u00fc\u00e7lendirece\u011fini s\u00f6yledi. Brunner, d\u0131\u015f s\u0131n\u0131rdan ge\u00e7en \u00fc\u00e7\u00fcnc\u00fc \u00fclke vatanda\u015flar\u0131n\u0131n EES\u2019e kay\u0131t olaca\u011f\u0131n\u0131 ve alt\u0131 ayl\u0131k ge\u00e7i\u015f s\u00fcrecinin \u00fcye \u00fclkeler, yolcular ve i\u015fletmelerin sisteme uyum sa\u011flamas\u0131 i\u00e7in zaman tan\u0131yaca\u011f\u0131n\u0131 vurgulad\u0131.<\/p>\n\n\n\n<p>\u0130rlanda ve K\u0131br\u0131s d\u0131\u015f\u0131nda t\u00fcm AB \u00fclkeleri ile \u0130zlanda, Norve\u00e7, \u0130svi\u00e7re ve Lihten\u015ftayn sistemi kullanacak. \u0130lk giri\u015fte biyometrik veri kayd\u0131 zorunlu olacakken, sonraki seyahatlerde sadece biyometrik do\u011frulama yeterli olacak. Geleneksel pasaport damgalar\u0131n\u0131n yerini elektronik kay\u0131tlar\u0131n alaca\u011f\u0131 sistem, planland\u0131\u011f\u0131 \u015fekilde 10 Nisan 2026\u2019da tamamen aktif hale gelecek.<\/p>\n","protected":false},"excerpt":{"rendered":"<p>Avrupa Birli\u011fi, s\u0131n\u0131r kontrollerinde dijital d\u00f6nemi ba\u015flat\u0131yor. Yeni Giri\u015f\/\u00c7\u0131k\u0131\u015f Sistemi (EES) ile Schengen b\u00f6lgesine giri\u015f yapan yolcular\u0131n pasaportlar\u0131<\/p>\n","protected":false},"author":1,"featured_media":817,"comment_status":"open","ping_status":"open","sticky":false,"template":"","format":"standard","meta":{"footnotes":""},"categories":[1],"tags":[187,193,148,259,261,257,191,258],"class_list":["post-815","post","type-post","status-publish","format-standard","has-post-thumbnail","hentry","category-siyaset","tag-ab","tag-avrupa-birligi-2","tag-european-union","tag-pasaport","tag-passport","tag-schengen","tag-visa","tag-vize"],"_links":{"self":[{"href":"https:\/\/diplomatica.tr\/index.php?rest_route=\/wp\/v2\/posts\/815","targetHints":{"allow":["GET"]}}],"collection":[{"href":"https:\/\/diplomatica.tr\/index.php?rest_route=\/wp\/v2\/posts"}],"about":[{"href":"https:\/\/diplomatica.tr\/index.php?rest_route=\/wp\/v2\/types\/post"}],"author":[{"embeddable":true,"href":"https:\/\/diplomatica.tr\/index.php?rest_route=\/wp\/v2\/users\/1"}],"replies":[{"embeddable":true,"href":"https:\/\/diplomatica.tr\/index.php?rest_route=%2Fwp%2Fv2%2Fcomments&post=815"}],"version-history":[{"count":1,"href":"https:\/\/diplomatica.tr\/index.php?rest_route=\/wp\/v2\/posts\/815\/revisions"}],"predecessor-version":[{"id":818,"href":"https:\/\/diplomatica.tr\/index.php?rest_route=\/wp\/v2\/posts\/815\/revisions\/818"}],"wp:featuredmedia":[{"embeddable":true,"href":"https:\/\/diplomatica.tr\/index.php?rest_route=\/wp\/v2\/media\/817"}],"wp:attachment":[{"href":"https:\/\/diplomatica.tr\/index.php?rest_route=%2Fwp%2Fv2%2Fmedia&parent=815"}],"wp:term":[{"taxonomy":"category","embeddable":true,"href":"https:\/\/diplomatica.tr\/index.php?rest_route=%2Fwp%2Fv2%2Fcategories&post=815"},{"taxonomy":"post_tag","embeddable":true,"href":"https:\/\/diplomatica.tr\/index.php?rest_route=%2Fwp%2Fv2%2Ftags&post=815"}],"curies":[{"name":"wp","href":"https:\/\/api.w.org\/{rel}","templated":true}]}}