{"id":809,"date":"2025-10-12T19:25:10","date_gmt":"2025-10-12T16:25:10","guid":{"rendered":"https:\/\/diplomatica.tr\/?p=809"},"modified":"2025-10-12T19:25:10","modified_gmt":"2025-10-12T16:25:10","slug":"borc-yuku-altinda-egitimi-kurtarma-cagrisi","status":"publish","type":"post","link":"https:\/\/diplomatica.tr\/?p=809","title":{"rendered":"\u201cBor\u00e7 Y\u00fck\u00fc Alt\u0131nda E\u011fitimi Kurtarma \u00c7a\u011fr\u0131s\u0131\u201d"},"content":{"rendered":"\n<p><strong>K\u00fcresel ekonomi bask\u0131s\u0131<\/strong>, geli\u015fmekte olan \u00fclkelerde e\u011fitim ve sa\u011fl\u0131k b\u00fct\u00e7elerini ciddi bi\u00e7imde zorluyor.  Afrika, Asya ve Latin Amerika\u2019daki pek \u00e7ok \u00fclke, d\u0131\u015f bor\u00e7lar\u0131n\u0131 \u00f6deyebilmek i\u00e7in <strong>e\u011fitim ve sa\u011fl\u0131k harcamalar\u0131n\u0131 k\u0131smak zorunda kal\u0131yor<\/strong>.<\/p>\n\n\n\n<p>Ekonomistler ve sivil toplum kurulu\u015flar\u0131, IMF ve D\u00fcnya Bankas\u0131\u2019na \u00e7a\u011fr\u0131da bulunarak, bor\u00e7lar\u0131n hafifletilmesi ve bu \u00fclkelerin e\u011fitim sistemlerini ayakta tutabilmeleri i\u00e7in <strong>\u201cacil bor\u00e7 aff\u0131 ve yap\u0131land\u0131rma\u201d<\/strong> program\u0131 ba\u015flat\u0131lmas\u0131n\u0131 istiyor.<\/p>\n\n\n\n<p>Rapora g\u00f6re, baz\u0131 \u00fclkelerde \u00f6\u011fretmen maa\u015flar\u0131 dondurulurken yeni okul yat\u0131r\u0131mlar\u0131 da durma noktas\u0131na geldi. Bu durum, milyonlarca \u00e7ocu\u011fun e\u011fitim hakk\u0131n\u0131 do\u011frudan etkiliyor.<\/p>\n\n\n\n<p>Uzmanlar, bu gidi\u015fat\u0131n tersine \u00e7evrilmemesi h\u00e2linde \u201cyeni bir <strong>k\u00fcresel \u00f6\u011frenme krizi<\/strong>\u201dnin kap\u0131da oldu\u011funu vurguluyor.<\/p>\n\n\n\n<figure class=\"wp-block-image size-large\"><img loading=\"lazy\" decoding=\"async\" width=\"1024\" height=\"819\" src=\"https:\/\/diplomatica.tr\/wp-content\/uploads\/2025\/10\/4543-1024x819.avif\" alt=\"\" class=\"wp-image-810\" srcset=\"https:\/\/diplomatica.tr\/wp-content\/uploads\/2025\/10\/4543-1024x819.avif 1024w, https:\/\/diplomatica.tr\/wp-content\/uploads\/2025\/10\/4543-300x240.avif 300w, https:\/\/diplomatica.tr\/wp-content\/uploads\/2025\/10\/4543-768x614.avif 768w, https:\/\/diplomatica.tr\/wp-content\/uploads\/2025\/10\/4543.avif 1240w\" sizes=\"auto, (max-width: 1024px) 100vw, 1024px\" \/><\/figure>\n","protected":false},"excerpt":{"rendered":"<p>K\u00fcresel ekonomi bask\u0131s\u0131, geli\u015fmekte olan \u00fclkelerde e\u011fitim ve sa\u011fl\u0131k b\u00fct\u00e7elerini ciddi bi\u00e7imde zorluyor. Afrika, Asya ve Latin Amerika\u2019daki<\/p>\n","protected":false},"author":3,"featured_media":0,"comment_status":"open","ping_status":"open","sticky":false,"template":"","format":"standard","meta":{"footnotes":""},"categories":[15],"tags":[],"class_list":["post-809","post","type-post","status-publish","format-standard","hentry","category-egitim"],"_links":{"self":[{"href":"https:\/\/diplomatica.tr\/index.php?rest_route=\/wp\/v2\/posts\/809","targetHints":{"allow":["GET"]}}],"collection":[{"href":"https:\/\/diplomatica.tr\/index.php?rest_route=\/wp\/v2\/posts"}],"about":[{"href":"https:\/\/diplomatica.tr\/index.php?rest_route=\/wp\/v2\/types\/post"}],"author":[{"embeddable":true,"href":"https:\/\/diplomatica.tr\/index.php?rest_route=\/wp\/v2\/users\/3"}],"replies":[{"embeddable":true,"href":"https:\/\/diplomatica.tr\/index.php?rest_route=%2Fwp%2Fv2%2Fcomments&post=809"}],"version-history":[{"count":1,"href":"https:\/\/diplomatica.tr\/index.php?rest_route=\/wp\/v2\/posts\/809\/revisions"}],"predecessor-version":[{"id":811,"href":"https:\/\/diplomatica.tr\/index.php?rest_route=\/wp\/v2\/posts\/809\/revisions\/811"}],"wp:attachment":[{"href":"https:\/\/diplomatica.tr\/index.php?rest_route=%2Fwp%2Fv2%2Fmedia&parent=809"}],"wp:term":[{"taxonomy":"category","embeddable":true,"href":"https:\/\/diplomatica.tr\/index.php?rest_route=%2Fwp%2Fv2%2Fcategories&post=809"},{"taxonomy":"post_tag","embeddable":true,"href":"https:\/\/diplomatica.tr\/index.php?rest_route=%2Fwp%2Fv2%2Ftags&post=809"}],"curies":[{"name":"wp","href":"https:\/\/api.w.org\/{rel}","templated":true}]}}