{"id":79,"date":"2025-09-11T09:50:33","date_gmt":"2025-09-11T09:50:33","guid":{"rendered":"https:\/\/diplomatica.tr\/?p=79"},"modified":"2025-10-07T17:17:17","modified_gmt":"2025-10-07T14:17:17","slug":"ukrayna-savasinda-yeni-bir-donem-gonulluler-koalisyonu","status":"publish","type":"post","link":"https:\/\/diplomatica.tr\/?p=79","title":{"rendered":"Ukrayna Sava\u015f\u0131nda Yeni Bir D\u00f6nem: G\u00f6n\u00fcll\u00fcler Koalisyonu"},"content":{"rendered":"\n<figure class=\"wp-block-image size-large\"><img loading=\"lazy\" decoding=\"async\" width=\"1024\" height=\"682\" src=\"https:\/\/diplomatica.tr\/wp-content\/uploads\/2025\/09\/gonulluler-koalisyonu-1-1024x682.jpg\" alt=\"\" class=\"wp-image-108\" srcset=\"https:\/\/diplomatica.tr\/wp-content\/uploads\/2025\/09\/gonulluler-koalisyonu-1-1024x682.jpg 1024w, https:\/\/diplomatica.tr\/wp-content\/uploads\/2025\/09\/gonulluler-koalisyonu-1-300x200.jpg 300w, https:\/\/diplomatica.tr\/wp-content\/uploads\/2025\/09\/gonulluler-koalisyonu-1-768x511.jpg 768w, https:\/\/diplomatica.tr\/wp-content\/uploads\/2025\/09\/gonulluler-koalisyonu-1.jpg 1368w\" sizes=\"auto, (max-width: 1024px) 100vw, 1024px\" \/><\/figure>\n\n\n\n<p>Ukrayna\u2019da devam eden sava\u015f, sadece bu \u00fclkenin de\u011fil b\u00fct\u00fcn Avrupa\u2019n\u0131n g\u00fcvenli\u011fini do\u011frudan etkileyen bir mesele haline gelmi\u015ftir. Sava\u015f\u0131n uzamas\u0131, Bat\u0131 \u00fclkelerini Ukrayna\u2019ya nas\u0131l daha g\u00fc\u00e7l\u00fc bir destek verebilecekleri konusunda yeni aray\u0131\u015flara y\u00f6neltmektedir. Bu aray\u0131\u015flar\u0131n sonucunda ortaya \u00e7\u0131kan farkl\u0131 \u00f6neriler, Avrupa\u2019n\u0131n g\u00fcvenlik konusunda ortak karar almakta ne kadar zorland\u0131\u011f\u0131n\u0131 da g\u00f6stermektedir. \u00d6zellikle son aylarda g\u00fcndeme gelen baz\u0131 planlar, Avrupa\u2019n\u0131n Ukrayna\u2019daki sava\u015fa daha fazla dahil olup olmayaca\u011f\u0131 konusunda ciddi tart\u0131\u015fmalar yaratm\u0131\u015ft\u0131r.<\/p>\n\n\n\n<p>Bu tart\u0131\u015fmalar\u0131n merkezinde, Fransa ve \u0130ngiltere\u2019nin \u00f6nc\u00fcl\u00fck etti\u011fi bir giri\u015fim \u00f6ne \u00e7\u0131kmaktad\u0131r. On bin civar\u0131nda asker\u00ee personelin Ukrayna\u2019ya g\u00f6nderilebilece\u011fi y\u00f6n\u00fcndeki haberler, sava\u015f\u0131n gidi\u015fat\u0131n\u0131 de\u011fi\u015ftirebilecek potansiyele sahiptir. B\u00f6yle bir ad\u0131m at\u0131lmas\u0131 durumunda bu askerlerin do\u011frudan cepheye mi yoksa lojistik ve e\u011fitim deste\u011fine mi kat\u0131laca\u011f\u0131 net de\u011fildir, ancak Rusya bu olas\u0131l\u0131\u011f\u0131 a\u00e7\u0131k\u00e7a bir tehdit olarak g\u00f6rmektedir. Moskova y\u00f6netimi, Ukrayna\u2019ya herhangi bir yabanc\u0131 asker\u00ee g\u00fc\u00e7 g\u00f6nderilmesini kendi g\u00fcvenli\u011fine y\u00f6nelik bir hamle sayaca\u011f\u0131n\u0131 duyurmu\u015ftur. Bu y\u00fczden konu sadece Ukrayna\u2019n\u0131n gelece\u011fi a\u00e7\u0131s\u0131ndan de\u011fil, Rusya ile Bat\u0131 aras\u0131ndaki gerginli\u011fin daha da artmas\u0131 bak\u0131m\u0131ndan da \u00f6nem ta\u015f\u0131maktad\u0131r.<\/p>\n\n\n\n<p>Avrupa \u00fclkeleri bu noktada b\u00fcy\u00fck bir ikilemle kar\u015f\u0131 kar\u015f\u0131yad\u0131r. Bir tarafta Ukrayna\u2019n\u0131n ayakta kalabilmesi i\u00e7in asker\u00ee deste\u011fin art\u0131r\u0131lmas\u0131 gerekti\u011fini ve her \u00fclkeden belirli say\u0131da askerin Ukrayna topraklar\u0131na konu\u015fland\u0131r\u0131lmas\u0131 gerekti\u011fini d\u00fc\u015f\u00fcnenler var. Onlara g\u00f6re e\u011fer Bat\u0131 bu konuda \u00e7ekingen davran\u0131rsa, Rusya\u2019n\u0131n ilerlemesi sadece Ukrayna\u2019y\u0131 de\u011fil b\u00fct\u00fcn Avrupa\u2019y\u0131 tehdit edebilir. Di\u011fer tarafta ise do\u011frudan asker g\u00f6ndermenin \u00e7ok tehlikeli olaca\u011f\u0131n\u0131 d\u00fc\u015f\u00fcnenler bulunmaktad\u0131r. \u00c7\u00fcnk\u00fc b\u00f6yle bir ad\u0131m, Rusya ile do\u011frudan \u00e7at\u0131\u015fmay\u0131 ve hatta NATO topraklar\u0131n\u0131n da hedef haline gelmesini beraberinde getirebilir. Nitekim Polonya ve \u0130talya, asker g\u00f6nderme fikrine a\u00e7\u0131k\u00e7a kar\u015f\u0131 \u00e7\u0131karak bu konuda isteksiz olduklar\u0131n\u0131 dile getirmi\u015ftir. Bu durum Avrupa \u00fclkeleri aras\u0131nda fikir ayr\u0131l\u0131klar\u0131n\u0131 g\u00fcn y\u00fcz\u00fcne \u00e7\u0131karm\u0131\u015f, Ukrayna\u2019ya nas\u0131l destek olunaca\u011f\u0131 konusunda tam bir birlik sa\u011flanamad\u0131\u011f\u0131n\u0131 g\u00f6stermi\u015ftir. Dolay\u0131s\u0131yla Avrupa, Ukrayna meselesinde hem dayan\u0131\u015fma g\u00f6stermeye hem de i\u00e7erdeki farkl\u0131 yakla\u015f\u0131mlar\u0131 dengelemeye \u00e7al\u0131\u015fmaktad\u0131r.<\/p>\n\n\n\n<p>Tam da bu noktada \u201cG\u00f6n\u00fcll\u00fcler Koalisyonu\u201d g\u00fcndeme gelmi\u015ftir. Ukrayna\u2019ya farkl\u0131 \u00fclkelerden g\u00f6n\u00fcll\u00fclerin kat\u0131lmas\u0131yla olu\u015fan bu yap\u0131, sava\u015f\u0131n ba\u015f\u0131ndan beri sahada belirli bir rol oynamaktad\u0131r. Koalisyon, devletlerin resmi asker\u00ee g\u00fc\u00e7lerinden ba\u011f\u0131ms\u0131z olsa da Ukrayna\u2019ya verilen deste\u011fin sembol\u00fc haline gelmi\u015ftir. G\u00f6n\u00fcll\u00fclerin varl\u0131\u011f\u0131 Ukrayna i\u00e7in moral kayna\u011f\u0131 olurken, Moskova a\u00e7\u0131s\u0131ndan Bat\u0131\u2019n\u0131n dolayl\u0131 m\u00fcdahalesi gibi alg\u0131lanmaktad\u0131r. Bunun yan\u0131 s\u0131ra, bu g\u00f6n\u00fcll\u00fc birliklerin finansman\u0131 ve koordinasyonu gibi sorunlar\u0131 da vard\u0131r. Baz\u0131 \u00fclkeler bu nedenle g\u00f6n\u00fcll\u00fc hareketlere mesafeli yakla\u015f\u0131rken, baz\u0131lar\u0131 ise bunlar\u0131n Ukrayna direncini art\u0131rd\u0131\u011f\u0131n\u0131 savunmaktad\u0131r. B\u00f6ylece G\u00f6n\u00fcll\u00fcler Koalisyonu, bir yandan Ukrayna\u2019ya katk\u0131 sa\u011flarken di\u011fer yandan yeni tart\u0131\u015fmalar\u0131 beraberinde getirmektedir.<\/p>\n\n\n\n<p>G\u00f6n\u00fcll\u00fcler Koalisyonu\u2019nun \u00f6nemini art\u0131ran bir ba\u015fka geli\u015fme ise T\u00fcrkiye\u2019nin bu s\u00fcrece dahil olmas\u0131d\u0131r. Cumhurba\u015fkan\u0131 Yard\u0131mc\u0131s\u0131 Cevdet Y\u0131lmaz\u2019\u0131n koalisyonun toplant\u0131s\u0131na kat\u0131lmas\u0131, Ankara\u2019n\u0131n Rusya-Ukrayna meselesinde daha aktif bir rol oynamak istedi\u011fini g\u00f6stermektedir. T\u00fcrkiye uzun s\u00fcredir hem NATO \u00fcyesi olarak Bat\u0131 ile yak\u0131n ili\u015fkilerini s\u00fcrd\u00fcrmekte hem de Rusya ile ekonomik ve enerji alan\u0131nda i\u015f birli\u011fi yapmaktad\u0131r. Bu denge politikas\u0131 Ankara\u2019ya esneklik sa\u011flam\u0131\u015f ve taraflar aras\u0131nda arabulucu olabilmesine imk\u00e2n tan\u0131m\u0131\u015ft\u0131r. T\u00fcrkiye\u2019nin G\u00f6n\u00fcll\u00fcler Koalisyonu toplant\u0131s\u0131na kat\u0131l\u0131m\u0131, T\u00fcrkiye-Avrupa Birli\u011fi ile ili\u015fkileri a\u00e7\u0131s\u0131ndan yeni bir mesaj niteli\u011fi ta\u015f\u0131maktad\u0131r.<\/p>\n\n\n\n<p>T\u00fcrkiye-AB ili\u015fkileri y\u0131llard\u0131r s\u00fcrmekte, ancak zaman zaman siyasi ve diplomatik sorunlar nedeniyle sekteye u\u011framaktad\u0131r. \u00d6zellikle AB, T\u00fcrkiye\u2019nin demokrasi standartlar\u0131ndan uzakla\u015ft\u0131\u011f\u0131n\u0131 d\u00fc\u015f\u00fcnd\u00fc\u011f\u00fc d\u00f6nemlerde ili\u015fkileri yava\u015flatm\u0131\u015f ve \u00fcyelik s\u00fcrecinde ilerleme sa\u011flanamam\u0131\u015ft\u0131r. Bununla birlikte T\u00fcrkiye\u2019nin son d\u00f6nemde Rusya-Ukrayna sava\u015f\u0131nda sergiledi\u011fi tav\u0131r, ili\u015fkilerde yeni bir sayfa a\u00e7abilecek niteliktedir. \u0130stanbul\u2019un m\u00fczakere s\u00fcre\u00e7lerine ev sahipli\u011fi yapmas\u0131 ve T\u00fcrkiye\u2019nin taraflar aras\u0131nda denge kurmaya \u00e7al\u0131\u015fan bir profil sergilemesi, AB taraf\u0131ndan dikkatle izlenmi\u015ftir. G\u00f6n\u00fcll\u00fcler Koalisyonu toplant\u0131s\u0131na kat\u0131l\u0131m da bu \u00e7er\u00e7evede Ankara\u2019n\u0131n Avrupa g\u00fcvenlik mimarisine daha yak\u0131n durabilece\u011finin i\u015fareti olarak g\u00f6r\u00fclmektedir. Ukrayna meselesinde T\u00fcrkiye\u2019nin aktif rol \u00fcstlenmesi, hem Bat\u0131\u2019ya g\u00fcvenilir bir ortak oldu\u011funu g\u00f6sterme hem de b\u00f6lgesel etkinli\u011fini art\u0131rma a\u00e7\u0131s\u0131ndan bir \u015fanst\u0131r. E\u011fer bu s\u00fcre\u00e7 kal\u0131c\u0131 hale gelir ve AB taraf\u0131ndan kar\u015f\u0131l\u0131k bulursa, ili\u015fkiler gelecekte daha olumlu bir zemine oturabilir.<\/p>\n\n\n\n<p>B\u00fct\u00fcn bu geli\u015fmeler asl\u0131nda Avrupa g\u00fcvenli\u011finin bug\u00fcn ne kadar karma\u015f\u0131k bir noktada oldu\u011funu ortaya koymaktad\u0131r. Fransa ve \u0130ngiltere\u2019nin asker g\u00f6ndermeyi g\u00fcndeme getirmesi, Rusya ile ili\u015fkileri daha da germe potansiyeli ta\u015f\u0131rken; Polonya ve \u0130talya\u2019n\u0131n buna kar\u015f\u0131 \u00e7\u0131kmas\u0131 Avrupa i\u00e7indeki farkl\u0131 bak\u0131\u015f a\u00e7\u0131lar\u0131n\u0131 da g\u00f6stermektedir. G\u00f6n\u00fcll\u00fcler Koalisyonu ise daha esnek ama bir o kadar da tart\u0131\u015fmal\u0131 bir \u00e7\u00f6z\u00fcm yolunu temsil etmektedir. T\u00fcrkiye\u2019nin bu koalisyona kat\u0131l\u0131m\u0131 hem Bat\u0131 ittifak\u0131 i\u00e7inde hem de AB ile ili\u015fkilerinde yeni bir diyalog kap\u0131s\u0131 a\u00e7abilir. Bu da Avrupa g\u00fcvenli\u011fi konusunda T\u00fcrkiye\u2019nin oynayabilece\u011fi rol\u00fcn k\u00fc\u00e7\u00fcmsenmemesi gerekti\u011fini ortaya koymaktad\u0131r.<\/p>\n\n\n\n<p>Sonu\u00e7 olarak Ukrayna meselesi sadece bir sava\u015f olmaktan \u00e7\u0131km\u0131\u015f, Avrupa\u2019n\u0131n g\u00fcvenlik kimli\u011fini, Bat\u0131 ittifak\u0131n\u0131n b\u00fct\u00fcnl\u00fc\u011f\u00fcn\u00fc ve T\u00fcrkiye\u2019nin d\u0131\u015f politika tercihlerini s\u0131nayan bir mesele haline gelmi\u015ftir. Avrupa, Ukrayna\u2019ya daha fazla destek verip vermeme konusunda b\u00fcy\u00fck bir s\u0131navdan ge\u00e7mektedir. T\u00fcrkiye ise G\u00f6n\u00fcll\u00fcler Koalisyonu toplant\u0131s\u0131na kat\u0131larak bu s\u00fcrecin bir par\u00e7as\u0131 olmu\u015f ve AB\u2019ye yak\u0131nla\u015fma ihtimalini art\u0131rm\u0131\u015ft\u0131r. Bundan sonras\u0131 hem Avrupa\u2019n\u0131n birlik i\u00e7inde nas\u0131l hareket edece\u011fine hem de T\u00fcrkiye\u2019nin denge siyasetini ne kadar s\u00fcrd\u00fcrebilece\u011fine ba\u011fl\u0131d\u0131r. E\u011fer do\u011fru ad\u0131mlar at\u0131l\u0131rsa Ukrayna krizi, T\u00fcrkiye ile AB aras\u0131ndaki ili\u015fkiler ad\u0131na yeni bir ba\u015flang\u0131c\u0131n da kap\u0131s\u0131n\u0131 aralayabilir.<\/p>\n\n\n\n<hr class=\"wp-block-separator has-alpha-channel-opacity\"\/>\n\n\n\n<p><\/p>\n","protected":false},"excerpt":{"rendered":"<p>Ukrayna\u2019da devam eden sava\u015f, sadece bu \u00fclkenin de\u011fil b\u00fct\u00fcn Avrupa\u2019n\u0131n g\u00fcvenli\u011fini do\u011frudan etkileyen bir mesele haline gelmi\u015ftir. Sava\u015f\u0131n<\/p>\n","protected":false},"author":1,"featured_media":0,"comment_status":"open","ping_status":"open","sticky":false,"template":"","format":"standard","meta":{"footnotes":""},"categories":[1],"tags":[157,156],"class_list":["post-79","post","type-post","status-publish","format-standard","hentry","category-siyaset","tag-coalition-of-the-willing","tag-ukraine"],"_links":{"self":[{"href":"https:\/\/diplomatica.tr\/index.php?rest_route=\/wp\/v2\/posts\/79","targetHints":{"allow":["GET"]}}],"collection":[{"href":"https:\/\/diplomatica.tr\/index.php?rest_route=\/wp\/v2\/posts"}],"about":[{"href":"https:\/\/diplomatica.tr\/index.php?rest_route=\/wp\/v2\/types\/post"}],"author":[{"embeddable":true,"href":"https:\/\/diplomatica.tr\/index.php?rest_route=\/wp\/v2\/users\/1"}],"replies":[{"embeddable":true,"href":"https:\/\/diplomatica.tr\/index.php?rest_route=%2Fwp%2Fv2%2Fcomments&post=79"}],"version-history":[{"count":1,"href":"https:\/\/diplomatica.tr\/index.php?rest_route=\/wp\/v2\/posts\/79\/revisions"}],"predecessor-version":[{"id":109,"href":"https:\/\/diplomatica.tr\/index.php?rest_route=\/wp\/v2\/posts\/79\/revisions\/109"}],"wp:attachment":[{"href":"https:\/\/diplomatica.tr\/index.php?rest_route=%2Fwp%2Fv2%2Fmedia&parent=79"}],"wp:term":[{"taxonomy":"category","embeddable":true,"href":"https:\/\/diplomatica.tr\/index.php?rest_route=%2Fwp%2Fv2%2Fcategories&post=79"},{"taxonomy":"post_tag","embeddable":true,"href":"https:\/\/diplomatica.tr\/index.php?rest_route=%2Fwp%2Fv2%2Ftags&post=79"}],"curies":[{"name":"wp","href":"https:\/\/api.w.org\/{rel}","templated":true}]}}