{"id":787,"date":"2025-10-09T12:11:07","date_gmt":"2025-10-09T09:11:07","guid":{"rendered":"https:\/\/diplomatica.tr\/?p=787"},"modified":"2025-10-09T12:12:15","modified_gmt":"2025-10-09T09:12:15","slug":"turk-devletleri-teskilati-azerbaycanda-toplandi","status":"publish","type":"post","link":"https:\/\/diplomatica.tr\/?p=787","title":{"rendered":"T\u00fcrk Devletleri Te\u015fkilat\u0131 Azerbaycan&#8217;da topland\u0131."},"content":{"rendered":"\n<p>Azerbaycan Cumhurba\u015fkan\u0131 \u0130lham Aliyev\u2019in ba\u015fkanl\u0131k etti\u011fi T\u00fcrk Devletleri Te\u015fkilat\u0131 Devlet Ba\u015fkanlar\u0131 Konseyi 12. Zirvesi, 7 Ekim 2025 Sal\u0131 g\u00fcn\u00fc Azerbaycan\u2019\u0131n Gebele \u015fehrinde topland\u0131.<\/p>\n\n\n\n<p>Zirvede g\u00f6r\u00fc\u015f\u00fclen en \u00f6nemli meseleler, jeopolitik de\u011fi\u015fimler ve riskler kar\u015f\u0131s\u0131nda \u201csavunma ve g\u00fcvenlik\u201d konular\u0131n\u0131n ele al\u0131nmas\u0131 oldu.<\/p>\n\n\n\n<p>Zirveye ev sahipli\u011fi yapan Azerbaycan Cumhurba\u015fkan\u0131 \u0130lham Aliyev, T\u00fcrk devletleri aras\u0131nda ortak askeri tatbikatlar\u0131n ger\u00e7ekle\u015ftirilmesi gerekti\u011fini s\u00f6yledi.<\/p>\n\n\n\n<p>Macaristan Ba\u015fbakan\u0131 Viktor Orban ise zirvede yapt\u0131\u011f\u0131 konu\u015fmada, AB&#8217;nin art\u0131k \u00e7e\u015fitli konularda \u00e7at\u0131rdad\u0131\u011f\u0131n\u0131 ve TDT i\u00e7indeki olumlu ili\u015fkilerin AB taraf\u0131ndan \u00f6rnek al\u0131n\u0131p AB&#8217;nin TDT&#8217;yi stratejik ortak olarak g\u00f6rmesi gerekti\u011fini belirtti.<\/p>\n\n\n\n<p>Zirvede k\u00fclt\u00fcrel ortakl\u0131k konular\u0131na de\u011finen T\u00fcrkiye Cumhurba\u015fkan\u0131 Recep Tayyip Erdo\u011fan ise, ortak alfabe hususunda T\u00fcrkiye olarak ilk ad\u0131m\u0131 att\u0131klar\u0131n\u0131 belirtirken zirveye kat\u0131lan liderlere, ortak T\u00fcrk alfabesiyle bas\u0131lm\u0131\u015f Cengiz Aytmatov&#8217;u anlatan bir eser hediye etti.<\/p>\n","protected":false},"excerpt":{"rendered":"<p>Azerbaycan Cumhurba\u015fkan\u0131 \u0130lham Aliyev\u2019in ba\u015fkanl\u0131k etti\u011fi T\u00fcrk Devletleri Te\u015fkilat\u0131 Devlet Ba\u015fkanlar\u0131 Konseyi 12. Zirvesi, 7 Ekim 2025 Sal\u0131<\/p>\n","protected":false},"author":1,"featured_media":788,"comment_status":"open","ping_status":"open","sticky":false,"template":"","format":"standard","meta":{"footnotes":""},"categories":[1],"tags":[165,220,218,99,159,222,132,13,221],"class_list":["post-787","post","type-post","status-publish","format-standard","has-post-thumbnail","hentry","category-siyaset","tag-azerbaycan","tag-kazakistan","tag-kirgizistan","tag-kktc","tag-macaristan","tag-tdt","tag-turk-devletleri-teskilati","tag-turkiye","tag-turkmenistan"],"_links":{"self":[{"href":"https:\/\/diplomatica.tr\/index.php?rest_route=\/wp\/v2\/posts\/787","targetHints":{"allow":["GET"]}}],"collection":[{"href":"https:\/\/diplomatica.tr\/index.php?rest_route=\/wp\/v2\/posts"}],"about":[{"href":"https:\/\/diplomatica.tr\/index.php?rest_route=\/wp\/v2\/types\/post"}],"author":[{"embeddable":true,"href":"https:\/\/diplomatica.tr\/index.php?rest_route=\/wp\/v2\/users\/1"}],"replies":[{"embeddable":true,"href":"https:\/\/diplomatica.tr\/index.php?rest_route=%2Fwp%2Fv2%2Fcomments&post=787"}],"version-history":[{"count":1,"href":"https:\/\/diplomatica.tr\/index.php?rest_route=\/wp\/v2\/posts\/787\/revisions"}],"predecessor-version":[{"id":789,"href":"https:\/\/diplomatica.tr\/index.php?rest_route=\/wp\/v2\/posts\/787\/revisions\/789"}],"wp:featuredmedia":[{"embeddable":true,"href":"https:\/\/diplomatica.tr\/index.php?rest_route=\/wp\/v2\/media\/788"}],"wp:attachment":[{"href":"https:\/\/diplomatica.tr\/index.php?rest_route=%2Fwp%2Fv2%2Fmedia&parent=787"}],"wp:term":[{"taxonomy":"category","embeddable":true,"href":"https:\/\/diplomatica.tr\/index.php?rest_route=%2Fwp%2Fv2%2Fcategories&post=787"},{"taxonomy":"post_tag","embeddable":true,"href":"https:\/\/diplomatica.tr\/index.php?rest_route=%2Fwp%2Fv2%2Ftags&post=787"}],"curies":[{"name":"wp","href":"https:\/\/api.w.org\/{rel}","templated":true}]}}