{"id":784,"date":"2025-10-09T00:47:19","date_gmt":"2025-10-08T21:47:19","guid":{"rendered":"https:\/\/diplomatica.tr\/?p=784"},"modified":"2025-10-09T00:47:27","modified_gmt":"2025-10-08T21:47:27","slug":"cumhurbaskani-erdogan-turkiye-ortak-turk-alfabesi-uygulamasinda-ilk-adimi-atiyor","status":"publish","type":"post","link":"https:\/\/diplomatica.tr\/?p=784","title":{"rendered":"\u201cCumhurba\u015fkan\u0131 Erdo\u011fan: T\u00fcrkiye, Ortak T\u00fcrk Alfabesi Uygulamas\u0131nda \u0130lk Ad\u0131m\u0131 At\u0131yor\u201d"},"content":{"rendered":"\n<p>Cumhurba\u015fkan\u0131 <strong>Recep Tayyip Erdo\u011fan<\/strong>, T\u00fcrk Devletleri Te\u015fkilat\u0131 Zirvesi kapsam\u0131nda yapt\u0131\u011f\u0131 konu\u015fmada, T\u00fcrk d\u00fcnyas\u0131nda ortak bir alfabe olu\u015fturulmas\u0131 y\u00f6n\u00fcndeki s\u00fcrecin <strong>resmen ba\u015flad\u0131\u011f\u0131n\u0131<\/strong> duyurdu.<\/p>\n\n\n\n<p>Erdo\u011fan a\u00e7\u0131klamas\u0131nda \u015fu ifadeleri kulland\u0131:<\/p>\n\n\n\n<blockquote class=\"wp-block-quote is-layout-flow wp-block-quote-is-layout-flow\">\n<p>\u201cOrtak alfabe hususunda T\u00fcrkiye olarak ilk ad\u0131m\u0131 at\u0131yoruz.<br>Cengiz Aytmatov\u2019u anlatan bir eser ile O\u011fuznameleri, ortak T\u00fcrk alfabesiyle bas\u0131yoruz.\u201d<\/p>\n<\/blockquote>\n\n\n\n<p>Cumhurba\u015fkan\u0131, bu giri\u015fimin yaln\u0131zca k\u00fclt\u00fcrel de\u011fil, <strong>stratejik bir birlik projesi<\/strong> oldu\u011funu vurgulad\u0131.<br>Ama\u00e7, T\u00fcrk devletleri aras\u0131ndaki ileti\u015fimi, akademik i\u015fbirli\u011fini ve k\u00fclt\u00fcrel etkile\u015fimi <strong>ortak bir yaz\u0131 sistemi<\/strong> \u00fczerinden g\u00fc\u00e7lendirmek.<\/p>\n\n\n\n<p>Bu a\u00e7\u0131klama, T\u00fcrk D\u00fcnyas\u0131 Ortak Alfabe Komisyonu\u2019nun \u00e7al\u0131\u015fmalar\u0131na dayanan s\u00fcrecin <strong>uygulama a\u015famas\u0131na ge\u00e7ti\u011fini<\/strong> g\u00f6steriyor.<\/p>\n\n\n\n<figure class=\"wp-block-image size-large\"><img loading=\"lazy\" decoding=\"async\" width=\"858\" height=\"1024\" src=\"https:\/\/diplomatica.tr\/wp-content\/uploads\/2025\/10\/ortak-turk-alfabesi-03-858x1024.jpg\" alt=\"\" class=\"wp-image-785\" srcset=\"https:\/\/diplomatica.tr\/wp-content\/uploads\/2025\/10\/ortak-turk-alfabesi-03-858x1024.jpg 858w, https:\/\/diplomatica.tr\/wp-content\/uploads\/2025\/10\/ortak-turk-alfabesi-03-251x300.jpg 251w, https:\/\/diplomatica.tr\/wp-content\/uploads\/2025\/10\/ortak-turk-alfabesi-03-768x917.jpg 768w, https:\/\/diplomatica.tr\/wp-content\/uploads\/2025\/10\/ortak-turk-alfabesi-03.jpg 950w\" sizes=\"auto, (max-width: 858px) 100vw, 858px\" \/><\/figure>\n","protected":false},"excerpt":{"rendered":"<p>Cumhurba\u015fkan\u0131 Recep Tayyip Erdo\u011fan, T\u00fcrk Devletleri Te\u015fkilat\u0131 Zirvesi kapsam\u0131nda yapt\u0131\u011f\u0131 konu\u015fmada, T\u00fcrk d\u00fcnyas\u0131nda ortak bir alfabe olu\u015fturulmas\u0131 y\u00f6n\u00fcndeki<\/p>\n","protected":false},"author":3,"featured_media":0,"comment_status":"open","ping_status":"open","sticky":false,"template":"","format":"standard","meta":{"footnotes":""},"categories":[15],"tags":[],"class_list":["post-784","post","type-post","status-publish","format-standard","hentry","category-egitim"],"_links":{"self":[{"href":"https:\/\/diplomatica.tr\/index.php?rest_route=\/wp\/v2\/posts\/784","targetHints":{"allow":["GET"]}}],"collection":[{"href":"https:\/\/diplomatica.tr\/index.php?rest_route=\/wp\/v2\/posts"}],"about":[{"href":"https:\/\/diplomatica.tr\/index.php?rest_route=\/wp\/v2\/types\/post"}],"author":[{"embeddable":true,"href":"https:\/\/diplomatica.tr\/index.php?rest_route=\/wp\/v2\/users\/3"}],"replies":[{"embeddable":true,"href":"https:\/\/diplomatica.tr\/index.php?rest_route=%2Fwp%2Fv2%2Fcomments&post=784"}],"version-history":[{"count":1,"href":"https:\/\/diplomatica.tr\/index.php?rest_route=\/wp\/v2\/posts\/784\/revisions"}],"predecessor-version":[{"id":786,"href":"https:\/\/diplomatica.tr\/index.php?rest_route=\/wp\/v2\/posts\/784\/revisions\/786"}],"wp:attachment":[{"href":"https:\/\/diplomatica.tr\/index.php?rest_route=%2Fwp%2Fv2%2Fmedia&parent=784"}],"wp:term":[{"taxonomy":"category","embeddable":true,"href":"https:\/\/diplomatica.tr\/index.php?rest_route=%2Fwp%2Fv2%2Fcategories&post=784"},{"taxonomy":"post_tag","embeddable":true,"href":"https:\/\/diplomatica.tr\/index.php?rest_route=%2Fwp%2Fv2%2Ftags&post=784"}],"curies":[{"name":"wp","href":"https:\/\/api.w.org\/{rel}","templated":true}]}}