{"id":737,"date":"2025-10-06T14:13:51","date_gmt":"2025-10-06T11:13:51","guid":{"rendered":"https:\/\/diplomatica.tr\/?p=737"},"modified":"2025-10-07T17:27:21","modified_gmt":"2025-10-07T14:27:21","slug":"son-dakika-fransada-dun-atanan-basbakan-lecornu-bugun-istifa-etti","status":"publish","type":"post","link":"https:\/\/diplomatica.tr\/?p=737","title":{"rendered":"SON DAK\u0130KA: Fransa&#8217;da d\u00fcn h\u00fck\u00fcmetini kuran Ba\u015fbakan Lecornu, bug\u00fcn istifa etti!"},"content":{"rendered":"\n<p>Fransa Ba\u015fbakan\u0131 Sebastien Lecornu, atamas\u0131ndan sadece haftalar sonra pazartesi g\u00fcn\u00fc istifa ederek Frans\u0131z siyasetinde yeni bir krizin sinyalini verdi.<\/p>\n\n\n\n<p>Fransa Cumhurba\u015fkan\u0131 Emmanuel Macron, Lecornu&#8217;nun h\u00fck\u00fcmetinin ilk isimlerini a\u00e7\u0131klamas\u0131n\u0131n \u00fczerinden saatler ge\u00e7mi\u015fken pazartesi sabah\u0131 istifas\u0131n\u0131 kabul etti.<\/p>\n\n\n\n<p> Yeni ba\u015fbakan Lecornu, kabinesini a\u00e7\u0131klamas\u0131n\u0131n ard\u0131ndan muhalefetten sert ele\u015ftirilerle kar\u015f\u0131la\u015ft\u0131. Lecornu istifas\u0131 ile birlikte 1958&#8217;den bu yana en k\u0131sa s\u00fcre g\u00f6rev yapan h\u00fck\u00fcmet ba\u015fkan\u0131 oldu.<\/p>\n\n\n\n<p>Bu istifayla birlikte Macron&#8217;un ba\u015fkanl\u0131\u011f\u0131 y\u00f6netiminde son 1 y\u0131l i\u00e7erisinde 3. ba\u015far\u0131s\u0131z ba\u015fbakanl\u0131k deneyimi kay\u0131tlara ge\u00e7mi\u015f oldu.<\/p>\n","protected":false},"excerpt":{"rendered":"<p>Fransa Ba\u015fbakan\u0131 Sebastien Lecornu, atamas\u0131ndan sadece haftalar sonra pazartesi g\u00fcn\u00fc istifa ederek Frans\u0131z siyasetinde yeni bir krizin sinyalini<\/p>\n","protected":false},"author":1,"featured_media":738,"comment_status":"open","ping_status":"open","sticky":false,"template":"","format":"standard","meta":{"footnotes":""},"categories":[1],"tags":[211,85,118,114,213,212,84],"class_list":["post-737","post","type-post","status-publish","format-standard","has-post-thumbnail","hentry","category-siyaset","tag-basbakan","tag-election","tag-france","tag-fransa","tag-macron","tag-prime-minister","tag-secim"],"_links":{"self":[{"href":"https:\/\/diplomatica.tr\/index.php?rest_route=\/wp\/v2\/posts\/737","targetHints":{"allow":["GET"]}}],"collection":[{"href":"https:\/\/diplomatica.tr\/index.php?rest_route=\/wp\/v2\/posts"}],"about":[{"href":"https:\/\/diplomatica.tr\/index.php?rest_route=\/wp\/v2\/types\/post"}],"author":[{"embeddable":true,"href":"https:\/\/diplomatica.tr\/index.php?rest_route=\/wp\/v2\/users\/1"}],"replies":[{"embeddable":true,"href":"https:\/\/diplomatica.tr\/index.php?rest_route=%2Fwp%2Fv2%2Fcomments&post=737"}],"version-history":[{"count":2,"href":"https:\/\/diplomatica.tr\/index.php?rest_route=\/wp\/v2\/posts\/737\/revisions"}],"predecessor-version":[{"id":742,"href":"https:\/\/diplomatica.tr\/index.php?rest_route=\/wp\/v2\/posts\/737\/revisions\/742"}],"wp:featuredmedia":[{"embeddable":true,"href":"https:\/\/diplomatica.tr\/index.php?rest_route=\/wp\/v2\/media\/738"}],"wp:attachment":[{"href":"https:\/\/diplomatica.tr\/index.php?rest_route=%2Fwp%2Fv2%2Fmedia&parent=737"}],"wp:term":[{"taxonomy":"category","embeddable":true,"href":"https:\/\/diplomatica.tr\/index.php?rest_route=%2Fwp%2Fv2%2Fcategories&post=737"},{"taxonomy":"post_tag","embeddable":true,"href":"https:\/\/diplomatica.tr\/index.php?rest_route=%2Fwp%2Fv2%2Ftags&post=737"}],"curies":[{"name":"wp","href":"https:\/\/api.w.org\/{rel}","templated":true}]}}