{"id":734,"date":"2025-10-06T01:46:52","date_gmt":"2025-10-05T22:46:52","guid":{"rendered":"https:\/\/diplomatica.tr\/?p=734"},"modified":"2025-10-07T17:27:18","modified_gmt":"2025-10-07T14:27:18","slug":"cekyada-secimleri-ano-partisi-kazandi","status":"publish","type":"post","link":"https:\/\/diplomatica.tr\/?p=734","title":{"rendered":"\u00c7ekya&#8217;da se\u00e7imleri ANO Partisi kazand\u0131"},"content":{"rendered":"\n<p><strong>\u00c7ekya\u2019da yap\u0131lan parlamento se\u00e7imlerini, milyarder i\u015f insan\u0131 Andrej Babi\u0161\u2019in liderli\u011findeki ANO Partisi kazand\u0131.<\/strong><\/p>\n\n\n\n<p>\u00c7ekya&#8217;da, resmi olmayan sonu\u00e7lara g\u00f6re ANO Partisi oylar\u0131n yakla\u015f\u0131k %34,6\u2019s\u0131n\u0131 alarak, 200 sandalyeli mecliste 81 milletvekili \u00e7\u0131kard\u0131.<\/p>\n\n\n\n<p>Babi\u0161&#8217;in parlamentoda \u00e7o\u011funlu\u011fu sa\u011flayabilmesi ad\u0131na, \u00fclkede bulunan iki k\u00fc\u00e7\u00fck sa\u011f partinin deste\u011fine ihtiya\u00e7 duydu\u011fu ve yak\u0131n zamanda koalisyon g\u00f6r\u00fc\u015fmelerine ba\u015flayaca\u011f\u0131 bildiriliyor.<\/p>\n\n\n\n<p>Babi\u0161, se\u00e7im s\u00fcrecinde \u00c7ekya&#8217;n\u0131n i\u00e7 problemlerini Ukrayna meselesinin \u00f6n\u00fcne koyan ve \u00f6nceki h\u00fck\u00fcmetin Ukrayna&#8217;ya g\u00fc\u00e7l\u00fc desteklerini sorgulayan bir yol izledi.<\/p>\n\n\n\n<p>Bu zaferin ard\u0131ndan Babi\u0161, kendisiyle ayn\u0131 \u00e7izgide yer alan Macaristan Ba\u015fbakan\u0131 Viktor Orb\u00e1n ve Slovakya Ba\u015fbakan\u0131 Robert Fico&#8217;nun saflar\u0131na kat\u0131lacak.<\/p>\n\n\n\n<p><br><\/p>\n\n\n\n<p><br><\/p>\n","protected":false},"excerpt":{"rendered":"<p>\u00c7ekya\u2019da yap\u0131lan parlamento se\u00e7imlerini, milyarder i\u015f insan\u0131 Andrej Babi\u0161\u2019in liderli\u011findeki ANO Partisi kazand\u0131. \u00c7ekya&#8217;da, resmi olmayan sonu\u00e7lara g\u00f6re<\/p>\n","protected":false},"author":1,"featured_media":735,"comment_status":"open","ping_status":"open","sticky":false,"template":"","format":"standard","meta":{"footnotes":""},"categories":[1],"tags":[210,85,84],"class_list":["post-734","post","type-post","status-publish","format-standard","has-post-thumbnail","hentry","category-siyaset","tag-cekya","tag-election","tag-secim"],"_links":{"self":[{"href":"https:\/\/diplomatica.tr\/index.php?rest_route=\/wp\/v2\/posts\/734","targetHints":{"allow":["GET"]}}],"collection":[{"href":"https:\/\/diplomatica.tr\/index.php?rest_route=\/wp\/v2\/posts"}],"about":[{"href":"https:\/\/diplomatica.tr\/index.php?rest_route=\/wp\/v2\/types\/post"}],"author":[{"embeddable":true,"href":"https:\/\/diplomatica.tr\/index.php?rest_route=\/wp\/v2\/users\/1"}],"replies":[{"embeddable":true,"href":"https:\/\/diplomatica.tr\/index.php?rest_route=%2Fwp%2Fv2%2Fcomments&post=734"}],"version-history":[{"count":1,"href":"https:\/\/diplomatica.tr\/index.php?rest_route=\/wp\/v2\/posts\/734\/revisions"}],"predecessor-version":[{"id":736,"href":"https:\/\/diplomatica.tr\/index.php?rest_route=\/wp\/v2\/posts\/734\/revisions\/736"}],"wp:featuredmedia":[{"embeddable":true,"href":"https:\/\/diplomatica.tr\/index.php?rest_route=\/wp\/v2\/media\/735"}],"wp:attachment":[{"href":"https:\/\/diplomatica.tr\/index.php?rest_route=%2Fwp%2Fv2%2Fmedia&parent=734"}],"wp:term":[{"taxonomy":"category","embeddable":true,"href":"https:\/\/diplomatica.tr\/index.php?rest_route=%2Fwp%2Fv2%2Fcategories&post=734"},{"taxonomy":"post_tag","embeddable":true,"href":"https:\/\/diplomatica.tr\/index.php?rest_route=%2Fwp%2Fv2%2Ftags&post=734"}],"curies":[{"name":"wp","href":"https:\/\/api.w.org\/{rel}","templated":true}]}}