{"id":728,"date":"2025-10-05T22:54:58","date_gmt":"2025-10-05T19:54:58","guid":{"rendered":"https:\/\/diplomatica.tr\/?p=728"},"modified":"2025-10-07T17:27:14","modified_gmt":"2025-10-07T14:27:14","slug":"444-sistemi-degisiyor-mu-mebden-yeni-egitim-modeli-sinyali","status":"publish","type":"post","link":"https:\/\/diplomatica.tr\/?p=728","title":{"rendered":"\u201c4+4+4 Sistemi De\u011fi\u015fiyor mu? MEB\u2019den Yeni E\u011fitim Modeli Sinyali\u201d"},"content":{"rendered":"\n<p>Milli E\u011fitim Bakan\u0131&nbsp;<strong>Yusuf Tekin<\/strong>, T\u00fcrkiye\u2019de 2012 y\u0131l\u0131ndan beri uygulanan&nbsp;<strong>4+4+4 zorunlu e\u011fitim sisteminde<\/strong>&nbsp;de\u011fi\u015fiklik yap\u0131labilece\u011fini a\u00e7\u0131klad\u0131.<\/p>\n\n\n\n<p>Bakan Tekin\u2019e g\u00f6re, bakanl\u0131k bu konuda kapsaml\u0131 bir&nbsp;<strong>rapor<\/strong>&nbsp;haz\u0131rlad\u0131 ve&nbsp;<strong>Cumhurba\u015fkanl\u0131\u011f\u0131\u2019na sunulacak<\/strong>. De\u011fi\u015fiklik \u00f6nerisinin bu y\u0131l i\u00e7inde&nbsp;<strong>kabine toplant\u0131s\u0131nda<\/strong>&nbsp;ele al\u0131nmas\u0131 bekleniyor.<\/p>\n\n\n\n<p>Yeni sistemle birlikte,&nbsp;<strong>e\u011fitim kademeleri ve ge\u00e7i\u015f ya\u015flar\u0131<\/strong>&nbsp;yeniden d\u00fczenlenebilir. Bu de\u011fi\u015fikliklerin amac\u0131,&nbsp;<strong>\u00f6\u011frencilerin geli\u015fim d\u00fczeylerine daha uygun bir model<\/strong>&nbsp;olu\u015fturmak.<br>Hen\u00fcz net bir karar al\u0131nmam\u0131\u015f olsa da, MEB\u2019in \u00fczerinde \u00e7al\u0131\u015ft\u0131\u011f\u0131 alternatif modellerin&nbsp;<strong>2026 e\u011fitim-\u00f6\u011fretim y\u0131l\u0131ndan itibaren<\/strong>&nbsp;uygulanabilece\u011fi konu\u015fuluyor.<\/p>\n\n\n\n<figure class=\"wp-block-image size-large\"><img loading=\"lazy\" decoding=\"async\" width=\"1024\" height=\"682\" src=\"https:\/\/diplomatica.tr\/wp-content\/uploads\/2025\/10\/IMG_5904-1024x682.png\" alt=\"\" class=\"wp-image-729\" srcset=\"https:\/\/diplomatica.tr\/wp-content\/uploads\/2025\/10\/IMG_5904-1024x682.png 1024w, https:\/\/diplomatica.tr\/wp-content\/uploads\/2025\/10\/IMG_5904-300x200.png 300w, https:\/\/diplomatica.tr\/wp-content\/uploads\/2025\/10\/IMG_5904-768x511.png 768w, https:\/\/diplomatica.tr\/wp-content\/uploads\/2025\/10\/IMG_5904.png 1368w\" sizes=\"auto, (max-width: 1024px) 100vw, 1024px\" \/><\/figure>\n","protected":false},"excerpt":{"rendered":"<p>Milli E\u011fitim Bakan\u0131&nbsp;Yusuf Tekin, T\u00fcrkiye\u2019de 2012 y\u0131l\u0131ndan beri uygulanan&nbsp;4+4+4 zorunlu e\u011fitim sisteminde&nbsp;de\u011fi\u015fiklik yap\u0131labilece\u011fini a\u00e7\u0131klad\u0131. Bakan Tekin\u2019e g\u00f6re, bakanl\u0131k<\/p>\n","protected":false},"author":3,"featured_media":0,"comment_status":"open","ping_status":"open","sticky":false,"template":"","format":"standard","meta":{"footnotes":""},"categories":[15],"tags":[82,209,144],"class_list":["post-728","post","type-post","status-publish","format-standard","hentry","category-egitim","tag-education","tag-egitim","tag-meb"],"_links":{"self":[{"href":"https:\/\/diplomatica.tr\/index.php?rest_route=\/wp\/v2\/posts\/728","targetHints":{"allow":["GET"]}}],"collection":[{"href":"https:\/\/diplomatica.tr\/index.php?rest_route=\/wp\/v2\/posts"}],"about":[{"href":"https:\/\/diplomatica.tr\/index.php?rest_route=\/wp\/v2\/types\/post"}],"author":[{"embeddable":true,"href":"https:\/\/diplomatica.tr\/index.php?rest_route=\/wp\/v2\/users\/3"}],"replies":[{"embeddable":true,"href":"https:\/\/diplomatica.tr\/index.php?rest_route=%2Fwp%2Fv2%2Fcomments&post=728"}],"version-history":[{"count":1,"href":"https:\/\/diplomatica.tr\/index.php?rest_route=\/wp\/v2\/posts\/728\/revisions"}],"predecessor-version":[{"id":730,"href":"https:\/\/diplomatica.tr\/index.php?rest_route=\/wp\/v2\/posts\/728\/revisions\/730"}],"wp:attachment":[{"href":"https:\/\/diplomatica.tr\/index.php?rest_route=%2Fwp%2Fv2%2Fmedia&parent=728"}],"wp:term":[{"taxonomy":"category","embeddable":true,"href":"https:\/\/diplomatica.tr\/index.php?rest_route=%2Fwp%2Fv2%2Fcategories&post=728"},{"taxonomy":"post_tag","embeddable":true,"href":"https:\/\/diplomatica.tr\/index.php?rest_route=%2Fwp%2Fv2%2Ftags&post=728"}],"curies":[{"name":"wp","href":"https:\/\/api.w.org\/{rel}","templated":true}]}}