{"id":691,"date":"2025-10-02T18:32:33","date_gmt":"2025-10-02T15:32:33","guid":{"rendered":"https:\/\/diplomatica.tr\/?p=691"},"modified":"2025-10-07T17:27:05","modified_gmt":"2025-10-07T14:27:05","slug":"turk-hava-yollari-ermenistana-sefer-baslatiyor","status":"publish","type":"post","link":"https:\/\/diplomatica.tr\/?p=691","title":{"rendered":"T\u00fcrk Hava Yollar\u0131, Ermenistan&#8217;a sefer ba\u015flat\u0131yor"},"content":{"rendered":"\n<p>\u0130ki kom\u015fu \u00fclke aras\u0131ndaki y\u0131llar boyu s\u00fcren anla\u015fmazl\u0131\u011f\u0131 gidermek ve normalle\u015fme ad\u0131mlar\u0131n\u0131 atabilmek ad\u0131na, Ermenistan Ba\u015fbakan\u0131 Pa\u015finyan Haziran ay\u0131nda Ankara\u2019da T\u00fcrkiye Cumhurba\u015fkan\u0131 Recep Tayyip Erdo\u011fan ile bir araya gelmi\u015fti. G\u00f6r\u00fc\u015fmede b\u00f6lge co\u011frafyas\u0131 ad\u0131na ekonomik ve siyasi anlamda olumlu ad\u0131mlar at\u0131lm\u0131\u015ft\u0131.<\/p>\n\n\n\n<p>\u015eimdi ise bu yumu\u015fama d\u00f6neminin bir par\u00e7as\u0131 olarak T\u00fcrk Hava Yollar\u0131 (THY), Erivan\u2019a tarifeli u\u00e7u\u015flar\u0131 ba\u015flatmay\u0131 planl\u0131yor.<\/p>\n\n\n\n<p>T\u00fcrk Hava Yollar\u0131 taraf\u0131ndan konuyla ilgili yap\u0131lan a\u00e7\u0131klamada \u015fu ifadelere yer verildi:<br>\u201cOrtakl\u0131\u011f\u0131m\u0131z Y\u00f6netim Kurulu\u2019nca, imk\u00e2nlar ve pazar ko\u015fullar\u0131na ba\u011fl\u0131 olarak Ermenistan\u2019\u0131n ba\u015fkenti Erivan\u2019a tarifeli sefer ba\u015flat\u0131lmas\u0131na karar verilmi\u015ftir.\u201d<\/p>\n\n\n\n<p><br><\/p>\n","protected":false},"excerpt":{"rendered":"<p>\u0130ki kom\u015fu \u00fclke aras\u0131ndaki y\u0131llar boyu s\u00fcren anla\u015fmazl\u0131\u011f\u0131 gidermek ve normalle\u015fme ad\u0131mlar\u0131n\u0131 atabilmek ad\u0131na, Ermenistan Ba\u015fbakan\u0131 Pa\u015finyan Haziran<\/p>\n","protected":false},"author":1,"featured_media":692,"comment_status":"open","ping_status":"open","sticky":false,"template":"","format":"standard","meta":{"footnotes":""},"categories":[1],"tags":[150,200,149,198,78,199,13],"class_list":["post-691","post","type-post","status-publish","format-standard","has-post-thumbnail","hentry","category-siyaset","tag-armenia","tag-erivan","tag-ermenistan","tag-turk-hava-yollari","tag-turkey","tag-turkish-airlines","tag-turkiye"],"_links":{"self":[{"href":"https:\/\/diplomatica.tr\/index.php?rest_route=\/wp\/v2\/posts\/691","targetHints":{"allow":["GET"]}}],"collection":[{"href":"https:\/\/diplomatica.tr\/index.php?rest_route=\/wp\/v2\/posts"}],"about":[{"href":"https:\/\/diplomatica.tr\/index.php?rest_route=\/wp\/v2\/types\/post"}],"author":[{"embeddable":true,"href":"https:\/\/diplomatica.tr\/index.php?rest_route=\/wp\/v2\/users\/1"}],"replies":[{"embeddable":true,"href":"https:\/\/diplomatica.tr\/index.php?rest_route=%2Fwp%2Fv2%2Fcomments&post=691"}],"version-history":[{"count":1,"href":"https:\/\/diplomatica.tr\/index.php?rest_route=\/wp\/v2\/posts\/691\/revisions"}],"predecessor-version":[{"id":693,"href":"https:\/\/diplomatica.tr\/index.php?rest_route=\/wp\/v2\/posts\/691\/revisions\/693"}],"wp:featuredmedia":[{"embeddable":true,"href":"https:\/\/diplomatica.tr\/index.php?rest_route=\/wp\/v2\/media\/692"}],"wp:attachment":[{"href":"https:\/\/diplomatica.tr\/index.php?rest_route=%2Fwp%2Fv2%2Fmedia&parent=691"}],"wp:term":[{"taxonomy":"category","embeddable":true,"href":"https:\/\/diplomatica.tr\/index.php?rest_route=%2Fwp%2Fv2%2Fcategories&post=691"},{"taxonomy":"post_tag","embeddable":true,"href":"https:\/\/diplomatica.tr\/index.php?rest_route=%2Fwp%2Fv2%2Ftags&post=691"}],"curies":[{"name":"wp","href":"https:\/\/api.w.org\/{rel}","templated":true}]}}