{"id":674,"date":"2025-10-01T19:41:06","date_gmt":"2025-10-01T16:41:06","guid":{"rendered":"https:\/\/diplomatica.tr\/?p=674"},"modified":"2025-10-07T17:27:02","modified_gmt":"2025-10-07T14:27:02","slug":"ab-liderleri-kopenhagda-toplandi","status":"publish","type":"post","link":"https:\/\/diplomatica.tr\/?p=674","title":{"rendered":"AB liderleri Kopenhag&#8217;da topland\u0131"},"content":{"rendered":"\n<p>Avrupa Birli\u011fi liderleri bug\u00fcn Danimarka\u2019n\u0131n ba\u015fkenti Kopenhag\u2019da d\u00fczenlenen gayriresm\u00ee zirvede bir araya geldi. Danimarka Ba\u015fbakan\u0131 Mette Frederiksen\u2019in ev sahipli\u011finde ger\u00e7ekle\u015fen toplant\u0131ya bir\u00e7ok Avrupa lideri kat\u0131ld\u0131.<\/p>\n\n\n\n<p> G\u00f6r\u00fc\u015fmenin g\u00fcndeminde Avrupa\u2019n\u0131n g\u00fcvenlik sorunlar\u0131, \u00f6zellikle de son d\u00f6nemde artan insans\u0131z hava arac\u0131 tehditleri ve b\u00f6lgesel savunma i\u015f birli\u011fi konular\u0131 yer ald\u0131. Toplant\u0131da bu ihlallere son verebilmek ad\u0131na \u201cdrone duvar\u0131\u201d ad\u0131 verilen Avrupa hava sahas\u0131n\u0131 izleme sens\u00f6rleri ve radar sistemleri olan, sinyal bozucularla d\u00fc\u015f\u00fcrme mekanizmalar\u0131 olan \u00e7ok katmanl\u0131 bir savunma hatt\u0131 fikri \u00f6ne at\u0131ld\u0131. <\/p>\n\n\n\n<p>Zirvede konu\u015fma yapan AB Komisyonu Ba\u015fkan\u0131 Ursula von der Leyen ise liderlere hitaben yapt\u0131\u011f\u0131 konu\u015fmada Rusya\u2019n\u0131n AB\u2019nin kararl\u0131l\u0131\u011f\u0131n\u0131 test etti\u011fini, bu nedenle birlik ve ortak ad\u0131mlar atman\u0131n \u00f6nemini vurgulad\u0131. Von der Leyen, ayr\u0131ca AB\u2019nin Ukrayna\u2019ya deste\u011fini art\u0131rmas\u0131 gerekti\u011fini belirterek dondurulan Rus varl\u0131klar\u0131n\u0131n bir k\u0131sm\u0131n\u0131n Ukrayna\u2019ya kredi olarak aktar\u0131lmas\u0131 \u00f6nerisini g\u00fcndeme getirdi.<\/p>\n","protected":false},"excerpt":{"rendered":"<p>Avrupa Birli\u011fi liderleri bug\u00fcn Danimarka\u2019n\u0131n ba\u015fkenti Kopenhag\u2019da d\u00fczenlenen gayriresm\u00ee zirvede bir araya geldi. Danimarka Ba\u015fbakan\u0131 Mette Frederiksen\u2019in ev<\/p>\n","protected":false},"author":1,"featured_media":677,"comment_status":"open","ping_status":"open","sticky":false,"template":"","format":"standard","meta":{"footnotes":""},"categories":[1],"tags":[187,147,197,194,148,195],"class_list":["post-674","post","type-post","status-publish","format-standard","has-post-thumbnail","hentry","category-siyaset","tag-ab","tag-avrupa-birligi","tag-copenhagen","tag-danimarka","tag-european-union","tag-kopenhag"],"_links":{"self":[{"href":"https:\/\/diplomatica.tr\/index.php?rest_route=\/wp\/v2\/posts\/674","targetHints":{"allow":["GET"]}}],"collection":[{"href":"https:\/\/diplomatica.tr\/index.php?rest_route=\/wp\/v2\/posts"}],"about":[{"href":"https:\/\/diplomatica.tr\/index.php?rest_route=\/wp\/v2\/types\/post"}],"author":[{"embeddable":true,"href":"https:\/\/diplomatica.tr\/index.php?rest_route=\/wp\/v2\/users\/1"}],"replies":[{"embeddable":true,"href":"https:\/\/diplomatica.tr\/index.php?rest_route=%2Fwp%2Fv2%2Fcomments&post=674"}],"version-history":[{"count":1,"href":"https:\/\/diplomatica.tr\/index.php?rest_route=\/wp\/v2\/posts\/674\/revisions"}],"predecessor-version":[{"id":678,"href":"https:\/\/diplomatica.tr\/index.php?rest_route=\/wp\/v2\/posts\/674\/revisions\/678"}],"wp:featuredmedia":[{"embeddable":true,"href":"https:\/\/diplomatica.tr\/index.php?rest_route=\/wp\/v2\/media\/677"}],"wp:attachment":[{"href":"https:\/\/diplomatica.tr\/index.php?rest_route=%2Fwp%2Fv2%2Fmedia&parent=674"}],"wp:term":[{"taxonomy":"category","embeddable":true,"href":"https:\/\/diplomatica.tr\/index.php?rest_route=%2Fwp%2Fv2%2Fcategories&post=674"},{"taxonomy":"post_tag","embeddable":true,"href":"https:\/\/diplomatica.tr\/index.php?rest_route=%2Fwp%2Fv2%2Ftags&post=674"}],"curies":[{"name":"wp","href":"https:\/\/api.w.org\/{rel}","templated":true}]}}