{"id":630,"date":"2025-09-30T14:44:26","date_gmt":"2025-09-30T11:44:26","guid":{"rendered":"https:\/\/diplomatica.tr\/?p=630"},"modified":"2025-10-07T17:26:54","modified_gmt":"2025-10-07T14:26:54","slug":"skodanin-ikonik-coupe-modeli-gunumuze-uyarlandi","status":"publish","type":"post","link":"https:\/\/diplomatica.tr\/?p=630","title":{"rendered":"Skoda&#8217;n\u0131n ikonik coupe modeli g\u00fcn\u00fcm\u00fcze uyarland\u0131"},"content":{"rendered":"\n<figure class=\"wp-block-gallery has-nested-images columns-default is-cropped wp-block-gallery-1 is-layout-flex wp-block-gallery-is-layout-flex\">\n<figure class=\"wp-block-image size-large\"><img loading=\"lazy\" decoding=\"async\" width=\"710\" height=\"399\" data-id=\"631\" src=\"https:\/\/diplomatica.tr\/wp-content\/uploads\/2025\/09\/IMG_1979.webp\" alt=\"\" class=\"wp-image-631\" srcset=\"https:\/\/diplomatica.tr\/wp-content\/uploads\/2025\/09\/IMG_1979.webp 710w, https:\/\/diplomatica.tr\/wp-content\/uploads\/2025\/09\/IMG_1979-300x169.webp 300w\" sizes=\"auto, (max-width: 710px) 100vw, 710px\" \/><\/figure>\n<\/figure>\n\n\n\n<p>Skoda, efsanevi 110 R modelini \u201cIcons Get a Makeover\u201d serisiyle yeniden g\u00fcndeme ta\u015f\u0131d\u0131. 1970\u2019lerin coupe&#8217;si, modern tasar\u0131m dili ve elektrikli yorumuyla hayal edildi.<\/p>\n\n\n\n<p>Skoda, ge\u00e7mi\u015fin unutulmaz modellerinden birini yeniden g\u00fcndeme ta\u015f\u0131d\u0131. Marka, \u201cIcons Get a Makeover\u201d serisi kapsam\u0131nda bu kez 1970\u2019lerin pop\u00fcler coupe modeli 110 R\u2019yi dijital d\u00fcnyada modern bir yorumla canland\u0131rd\u0131.<\/p>\n\n\n\n<figure class=\"wp-block-gallery has-nested-images columns-default is-cropped wp-block-gallery-2 is-layout-flex wp-block-gallery-is-layout-flex\">\n<figure class=\"wp-block-image size-large\"><img loading=\"lazy\" decoding=\"async\" width=\"720\" height=\"405\" data-id=\"634\" src=\"https:\/\/diplomatica.tr\/wp-content\/uploads\/2025\/09\/IMG_1980.webp\" alt=\"\" class=\"wp-image-634\" srcset=\"https:\/\/diplomatica.tr\/wp-content\/uploads\/2025\/09\/IMG_1980.webp 720w, https:\/\/diplomatica.tr\/wp-content\/uploads\/2025\/09\/IMG_1980-300x169.webp 300w\" sizes=\"auto, (max-width: 720px) 100vw, 720px\" \/><\/figure>\n<\/figure>\n\n\n\n<p>Orijinal 110 R, 1970\u2019te sat\u0131\u015fa \u00e7\u0131kt\u0131\u011f\u0131nda y\u00fcksek fiyat\u0131na ra\u011fmen b\u00fcy\u00fck ilgi g\u00f6rm\u00fc\u015f ve 10 y\u0131ll\u0131k \u00fcretim s\u00fcrecinde 57 binden fazla satm\u0131\u015ft\u0131. Yeni versiyonda, arkada bulunan d\u00f6rt silindirli benzinli motor yerine art\u0131k elektrik motoru bulunuyor. Konsept, retro \u00e7izgiler yerine genel olarak markan\u0131n yeni Modern Solid tasar\u0131m diliyle \u015fekillenmi\u015f.<\/p>\n\n\n\n<p>F\u00fct\u00fcristik bir tasar\u0131ma sahip olan ara\u00e7ta, a\u00e7\u0131l\u0131p kapanabilen farlar, ak\u0131c\u0131 g\u00f6vde hatlar\u0131, gizli sens\u00f6rler ve dijital yan aynalar dikkat \u00e7ekiyor. Kap\u0131 kollar\u0131n\u0131n bulunmad\u0131\u011f\u0131 yan b\u00f6l\u00fcmdeki hava giri\u015fleri ve arkadaki klasik S 110 R rozeti ise ge\u00e7mi\u015fe sayg\u0131 duru\u015fu niteli\u011fi ta\u015f\u0131yor. Tek bijonlu jantlar ve \u00f6n kaputtaki hava kanallar\u0131 ise 130 RS&#8217;i an\u0131msat\u0131yor. <\/p>\n\n\n\n<figure class=\"wp-block-gallery has-nested-images columns-default is-cropped wp-block-gallery-3 is-layout-flex wp-block-gallery-is-layout-flex\">\n<figure class=\"wp-block-image size-large\"><img loading=\"lazy\" decoding=\"async\" width=\"720\" height=\"480\" data-id=\"636\" src=\"https:\/\/diplomatica.tr\/wp-content\/uploads\/2025\/09\/IMG_1981.webp\" alt=\"\" class=\"wp-image-636\" srcset=\"https:\/\/diplomatica.tr\/wp-content\/uploads\/2025\/09\/IMG_1981.webp 720w, https:\/\/diplomatica.tr\/wp-content\/uploads\/2025\/09\/IMG_1981-300x200.webp 300w\" sizes=\"auto, (max-width: 720px) 100vw, 720px\" \/><\/figure>\n<\/figure>\n\n\n\n<p>Teknik veriler payla\u015f\u0131lmasa da Skoda\u2019n\u0131n hafiflik vurgusu dikkat \u00e7ekiyor. Orijinal model yaln\u0131zca 880 kilogramd\u0131 ve 52 beygir g\u00fcc\u00fcndeki motoruyla performans odakl\u0131 olmasa da karakter sahibi bir otomobildi.Bu \u00e7al\u0131\u015fma, Skoda&#8217;n\u0131n yeni Modern Solid tasar\u0131m dilinin coupe g\u00f6vde tipine uyumunu g\u00f6zler \u00f6n\u00fcne serse de b\u00f6yle bir modelin ger\u00e7ek hayata uyarlanmas\u0131 \u015fu an i\u00e7in pek m\u00fcmk\u00fcn g\u00f6r\u00fcnm\u00fcyor.<\/p>\n","protected":false},"excerpt":{"rendered":"<p>Skoda, efsanevi 110 R modelini \u201cIcons Get a Makeover\u201d serisiyle yeniden g\u00fcndeme ta\u015f\u0131d\u0131. 1970\u2019lerin coupe&#8217;si, modern tasar\u0131m dili<\/p>\n","protected":false},"author":2,"featured_media":0,"comment_status":"open","ping_status":"open","sticky":false,"template":"","format":"standard","meta":{"footnotes":""},"categories":[9],"tags":[76,21,13],"class_list":["post-630","post","type-post","status-publish","format-standard","hentry","category-teknoloji","tag-abd","tag-tesla","tag-turkiye"],"_links":{"self":[{"href":"https:\/\/diplomatica.tr\/index.php?rest_route=\/wp\/v2\/posts\/630","targetHints":{"allow":["GET"]}}],"collection":[{"href":"https:\/\/diplomatica.tr\/index.php?rest_route=\/wp\/v2\/posts"}],"about":[{"href":"https:\/\/diplomatica.tr\/index.php?rest_route=\/wp\/v2\/types\/post"}],"author":[{"embeddable":true,"href":"https:\/\/diplomatica.tr\/index.php?rest_route=\/wp\/v2\/users\/2"}],"replies":[{"embeddable":true,"href":"https:\/\/diplomatica.tr\/index.php?rest_route=%2Fwp%2Fv2%2Fcomments&post=630"}],"version-history":[{"count":6,"href":"https:\/\/diplomatica.tr\/index.php?rest_route=\/wp\/v2\/posts\/630\/revisions"}],"predecessor-version":[{"id":640,"href":"https:\/\/diplomatica.tr\/index.php?rest_route=\/wp\/v2\/posts\/630\/revisions\/640"}],"wp:attachment":[{"href":"https:\/\/diplomatica.tr\/index.php?rest_route=%2Fwp%2Fv2%2Fmedia&parent=630"}],"wp:term":[{"taxonomy":"category","embeddable":true,"href":"https:\/\/diplomatica.tr\/index.php?rest_route=%2Fwp%2Fv2%2Fcategories&post=630"},{"taxonomy":"post_tag","embeddable":true,"href":"https:\/\/diplomatica.tr\/index.php?rest_route=%2Fwp%2Fv2%2Ftags&post=630"}],"curies":[{"name":"wp","href":"https:\/\/api.w.org\/{rel}","templated":true}]}}