{"id":596,"date":"2025-09-30T13:51:08","date_gmt":"2025-09-30T10:51:08","guid":{"rendered":"https:\/\/diplomatica.tr\/?p=596"},"modified":"2025-10-07T17:27:35","modified_gmt":"2025-10-07T14:27:35","slug":"tesla-500-kw-superchargerlari-hizmete-aldi","status":"publish","type":"post","link":"https:\/\/diplomatica.tr\/?p=596","title":{"rendered":"Tesla 500 kW Supercharger\u2019lar\u0131 hizmete ald\u0131!"},"content":{"rendered":"\n<figure class=\"wp-block-gallery has-nested-images columns-default is-cropped wp-block-gallery-1 is-layout-flex wp-block-gallery-is-layout-flex\">\n<figure class=\"wp-block-image size-large\"><img loading=\"lazy\" decoding=\"async\" width=\"600\" height=\"337\" data-id=\"598\" src=\"https:\/\/diplomatica.tr\/wp-content\/uploads\/2025\/09\/IMG_1972.webp\" alt=\"\" class=\"wp-image-598\" srcset=\"https:\/\/diplomatica.tr\/wp-content\/uploads\/2025\/09\/IMG_1972.webp 600w, https:\/\/diplomatica.tr\/wp-content\/uploads\/2025\/09\/IMG_1972-300x169.webp 300w\" sizes=\"auto, (max-width: 600px) 100vw, 600px\" \/><\/figure>\n<\/figure>\n\n\n\n<p>Tesla&#8217;n\u0131n V4 Supercharger istasyonlar\u0131 Kaliforniya&#8217;da faaliyete ge\u00e7ti. Bu geli\u015fme, kullan\u0131c\u0131lar\u0131 olduk\u00e7a memnun etti.<\/p>\n\n\n\n<p>Tesla, elektrikli ara\u00e7 \u015farj h\u0131z\u0131nda rakiplerinin \u00f6n\u00fcne ge\u00e7mesini sa\u011flayacak yeni nesil h\u0131zl\u0131 \u015farj istasyonlar\u0131n\u0131 resmen hizmete ald\u0131. Uzun s\u00fcredir beklenen 500 kW kapasiteli ilk tam donan\u0131ml\u0131 V4 Supercharger istasyonu, Kaliforniya\u2019da faaliyete ge\u00e7ti. Bu kurulum, \u015firketin yakla\u015f\u0131k \u00fc\u00e7 y\u0131ld\u0131r y\u00fcr\u00fctt\u00fc\u011f\u00fc V4 altyap\u0131 ge\u00e7i\u015finin somutla\u015fm\u0131\u015f ilk ad\u0131m\u0131 olarak \u00f6ne \u00e7\u0131k\u0131yor.<\/p>\n\n\n\n<p>Tesla\u2019n\u0131n Supercharger a\u011f\u0131, g\u00fcvenilirli\u011fi ve yayg\u0131nl\u0131\u011f\u0131yla d\u00fcnyan\u0131n en ba\u015far\u0131l\u0131 a\u011f\u0131 olarak kabul ediliyor. Ancak V3 Supercharger\u2019lar\u0131n 250 kW ile s\u0131n\u0131rl\u0131 kalmas\u0131 nedeniyle, di\u011fer \u00fcreticilerin 350 kW seviyesini \u00e7oktan a\u015fan istasyonlar\u0131n\u0131n gerisinde kalm\u0131\u015ft\u0131. Yeni V4 altyap\u0131s\u0131 bu durumu de\u011fi\u015ftiriyor.<\/p>\n\n\n\n<blockquote class=\"wp-block-quote is-layout-flow wp-block-quote-is-layout-flow\">\n<p>First V4 cabinet Supercharger now live&nbsp;<a href=\"https:\/\/t.co\/6T1X6MVTaj\">https:\/\/t.co\/6T1X6MVTaj<\/a>0.5 MW, 3X power density, 2X stalls per cabinet<\/p>\n\n\n\n<p>Higher throughput, higher efficiency, lower cost, faster deployments&nbsp;<a href=\"https:\/\/t.co\/5NbiABwgpy\">pic.twitter.com\/5NbiABwgpy<\/a><\/p>\n<\/blockquote>\n\n\n\n<p>\u2014 Tesla Charging (@TeslaCharging)&nbsp;<a href=\"https:\/\/twitter.com\/TeslaCharging\/status\/1972709660169040004?ref_src=twsrc%5Etfw\">September 29, 2025<\/a><\/p>\n\n\n\n<p>\u015eirket, daha \u00f6nce V4 \u015farj \u00fcnitelerini sahaya kursa da, bu \u00fcniteler eski V3 kabinlere ba\u011fl\u0131 oldu\u011fu i\u00e7in h\u0131zlar\u0131 250 kW ile s\u0131n\u0131rl\u0131 kal\u0131yordu. Yeni V4 g\u00fc\u00e7 kabinleri ile yap\u0131lan bu tam kurulum sayesinde, Cybertruck ve 800V mimarisine sahip ara\u00e7lar 500 kW\u2019l\u0131k tam potansiyeli kullanabiliyor.&nbsp;<\/p>\n\n\n\n<p>V4 kabinler, binek ara\u00e7lara 500 kW sa\u011flaman\u0131n yan\u0131 s\u0131ra, Tesla Semi i\u00e7in 1,2 megawatt\u2019a kadar \u015farj g\u00fcc\u00fc sunma kapasitesine de sahip. Ayr\u0131ca V4 altyap\u0131s\u0131, 400V\u2019tan ba\u015flay\u0131p 1.000V\u2019a kadar farkl\u0131 ara\u00e7 mimarilerini destekliyor.<\/p>\n\n\n\n<p>Tesla, Cybertruck ile yapt\u0131\u011f\u0131 testte arac\u0131n y\u00fczde 0\u2019dan y\u00fczde 80 dolulu\u011fa yakla\u015f\u0131k 35 dakikada ula\u015ft\u0131\u011f\u0131n\u0131 g\u00f6steren bir video payla\u015ft\u0131. \u015eu an i\u00e7in 500 kW\u2019l\u0131k tam kapasiteden yaln\u0131zca Cybertruck yararlan\u0131yor. Cybertruck sahipleri yakla\u015f\u0131k y\u00fczde 30 daha h\u0131zl\u0131 \u015farj g\u00f6rebilirken, 400V mimarili Model 3, S, X ve Y ara\u00e7lar\u0131 i\u00e7in h\u0131z s\u0131n\u0131r\u0131 250 kW olmaya devam ediyor.&nbsp;<\/p>\n\n\n\n<p>Ancak bu h\u0131z bile, sadece 15 dakikal\u0131k \u015farjla yakla\u015f\u0131k 320 kilometre menzil kazand\u0131rmaya yetiyor. \u015eirket, V4 Supercharger istasyonlar\u0131n\u0131 yak\u0131n zamanda Tesla d\u0131\u015f\u0131ndaki elektrikli ara\u00e7lara da a\u00e7may\u0131 planl\u0131yor. Yeni ve daha uzun kablo tasar\u0131m\u0131, \u00f6zellikle farkl\u0131 \u015farj portu konumlar\u0131na sahip ara\u00e7lar i\u00e7in eri\u015fimi<\/p>\n","protected":false},"excerpt":{"rendered":"<p>Tesla&#8217;n\u0131n V4 Supercharger istasyonlar\u0131 Kaliforniya&#8217;da faaliyete ge\u00e7ti. Bu geli\u015fme, kullan\u0131c\u0131lar\u0131 olduk\u00e7a memnun etti. Tesla, elektrikli ara\u00e7 \u015farj h\u0131z\u0131nda<\/p>\n","protected":false},"author":2,"featured_media":0,"comment_status":"open","ping_status":"open","sticky":false,"template":"","format":"standard","meta":{"footnotes":""},"categories":[9],"tags":[21,173],"class_list":["post-596","post","type-post","status-publish","format-standard","hentry","category-teknoloji","tag-tesla","tag-tesla-abd"],"_links":{"self":[{"href":"https:\/\/diplomatica.tr\/index.php?rest_route=\/wp\/v2\/posts\/596","targetHints":{"allow":["GET"]}}],"collection":[{"href":"https:\/\/diplomatica.tr\/index.php?rest_route=\/wp\/v2\/posts"}],"about":[{"href":"https:\/\/diplomatica.tr\/index.php?rest_route=\/wp\/v2\/types\/post"}],"author":[{"embeddable":true,"href":"https:\/\/diplomatica.tr\/index.php?rest_route=\/wp\/v2\/users\/2"}],"replies":[{"embeddable":true,"href":"https:\/\/diplomatica.tr\/index.php?rest_route=%2Fwp%2Fv2%2Fcomments&post=596"}],"version-history":[{"count":2,"href":"https:\/\/diplomatica.tr\/index.php?rest_route=\/wp\/v2\/posts\/596\/revisions"}],"predecessor-version":[{"id":599,"href":"https:\/\/diplomatica.tr\/index.php?rest_route=\/wp\/v2\/posts\/596\/revisions\/599"}],"wp:attachment":[{"href":"https:\/\/diplomatica.tr\/index.php?rest_route=%2Fwp%2Fv2%2Fmedia&parent=596"}],"wp:term":[{"taxonomy":"category","embeddable":true,"href":"https:\/\/diplomatica.tr\/index.php?rest_route=%2Fwp%2Fv2%2Fcategories&post=596"},{"taxonomy":"post_tag","embeddable":true,"href":"https:\/\/diplomatica.tr\/index.php?rest_route=%2Fwp%2Fv2%2Ftags&post=596"}],"curies":[{"name":"wp","href":"https:\/\/api.w.org\/{rel}","templated":true}]}}