{"id":593,"date":"2025-09-29T21:47:58","date_gmt":"2025-09-29T18:47:58","guid":{"rendered":"https:\/\/diplomatica.tr\/?p=593"},"modified":"2025-10-07T17:26:12","modified_gmt":"2025-10-07T14:26:12","slug":"fransa-almanya-ve-polonyadan-moskovaya-sert-uyari","status":"publish","type":"post","link":"https:\/\/diplomatica.tr\/?p=593","title":{"rendered":"Fransa, Almanya ve Polonya\u2019dan Moskova\u2019ya sert uyar\u0131!"},"content":{"rendered":"\n<figure class=\"wp-block-image size-large\"><img loading=\"lazy\" decoding=\"async\" width=\"1024\" height=\"576\" src=\"https:\/\/diplomatica.tr\/wp-content\/uploads\/2025\/09\/fransa-almanya-ve-polonyadan-ortak-bildiri-israil-atesi-kes-rusya-saldirilari-durdur-17591588204429-1024x576.jpg\" alt=\"\" class=\"wp-image-594\" srcset=\"https:\/\/diplomatica.tr\/wp-content\/uploads\/2025\/09\/fransa-almanya-ve-polonyadan-ortak-bildiri-israil-atesi-kes-rusya-saldirilari-durdur-17591588204429-1024x576.jpg 1024w, https:\/\/diplomatica.tr\/wp-content\/uploads\/2025\/09\/fransa-almanya-ve-polonyadan-ortak-bildiri-israil-atesi-kes-rusya-saldirilari-durdur-17591588204429-300x169.jpg 300w, https:\/\/diplomatica.tr\/wp-content\/uploads\/2025\/09\/fransa-almanya-ve-polonyadan-ortak-bildiri-israil-atesi-kes-rusya-saldirilari-durdur-17591588204429-768x432.jpg 768w, https:\/\/diplomatica.tr\/wp-content\/uploads\/2025\/09\/fransa-almanya-ve-polonyadan-ortak-bildiri-israil-atesi-kes-rusya-saldirilari-durdur-17591588204429.jpg 1280w\" sizes=\"auto, (max-width: 1024px) 100vw, 1024px\" \/><\/figure>\n\n\n\n<p>Fransa, Almanya ve Polonya d\u0131\u015fi\u015fleri bakanlar\u0131, yay\u0131mlad\u0131klar\u0131 ortak bildiride Rusya\u2019n\u0131n Polonya, Romanya ve Estonya hava sahas\u0131n\u0131 ihlal etmesini \u201ctehlikeli bir t\u0131rman\u0131\u015f\u201d olarak nitelendirdi. A\u00e7\u0131klamada Moskova\u2019ya ihlalleri durdurma \u00e7a\u011fr\u0131s\u0131 yap\u0131ld\u0131.<\/p>\n\n\n\n<p>\u00dc\u00e7 \u00fclke, Ukrayna\u2019ya askeri, insani ve mali deste\u011fin s\u00fcrece\u011fini, ayr\u0131ca yeni hava savunma sistemlerinin sa\u011flanaca\u011f\u0131n\u0131 ve Rusya&#8217;ya kar\u015f\u0131 yapt\u0131r\u0131mlar\u0131n s\u0131k\u0131la\u015ft\u0131r\u0131laca\u011f\u0131n\u0131 belirtti. Bildiride, Rusya\u2019n\u0131n izledi\u011fi politikan\u0131n Avrupa\u2019n\u0131n kararl\u0131l\u0131\u011f\u0131n\u0131 zay\u0131flatmad\u0131\u011f\u0131, aksine i\u015f birli\u011fini g\u00fc\u00e7lendirdi\u011fi vurguland\u0131.<\/p>\n","protected":false},"excerpt":{"rendered":"<p>Fransa, Almanya ve Polonya d\u0131\u015fi\u015fleri bakanlar\u0131, yay\u0131mlad\u0131klar\u0131 ortak bildiride Rusya\u2019n\u0131n Polonya, Romanya ve Estonya hava sahas\u0131n\u0131 ihlal etmesini<\/p>\n","protected":false},"author":1,"featured_media":0,"comment_status":"open","ping_status":"open","sticky":false,"template":"","format":"standard","meta":{"footnotes":""},"categories":[1],"tags":[188,118,114,189,152,151,125,122],"class_list":["post-593","post","type-post","status-publish","format-standard","hentry","category-siyaset","tag-almanya","tag-france","tag-fransa","tag-germany","tag-poland","tag-polonya","tag-russia","tag-rusya"],"_links":{"self":[{"href":"https:\/\/diplomatica.tr\/index.php?rest_route=\/wp\/v2\/posts\/593","targetHints":{"allow":["GET"]}}],"collection":[{"href":"https:\/\/diplomatica.tr\/index.php?rest_route=\/wp\/v2\/posts"}],"about":[{"href":"https:\/\/diplomatica.tr\/index.php?rest_route=\/wp\/v2\/types\/post"}],"author":[{"embeddable":true,"href":"https:\/\/diplomatica.tr\/index.php?rest_route=\/wp\/v2\/users\/1"}],"replies":[{"embeddable":true,"href":"https:\/\/diplomatica.tr\/index.php?rest_route=%2Fwp%2Fv2%2Fcomments&post=593"}],"version-history":[{"count":1,"href":"https:\/\/diplomatica.tr\/index.php?rest_route=\/wp\/v2\/posts\/593\/revisions"}],"predecessor-version":[{"id":595,"href":"https:\/\/diplomatica.tr\/index.php?rest_route=\/wp\/v2\/posts\/593\/revisions\/595"}],"wp:attachment":[{"href":"https:\/\/diplomatica.tr\/index.php?rest_route=%2Fwp%2Fv2%2Fmedia&parent=593"}],"wp:term":[{"taxonomy":"category","embeddable":true,"href":"https:\/\/diplomatica.tr\/index.php?rest_route=%2Fwp%2Fv2%2Fcategories&post=593"},{"taxonomy":"post_tag","embeddable":true,"href":"https:\/\/diplomatica.tr\/index.php?rest_route=%2Fwp%2Fv2%2Ftags&post=593"}],"curies":[{"name":"wp","href":"https:\/\/api.w.org\/{rel}","templated":true}]}}