{"id":589,"date":"2025-09-29T18:17:14","date_gmt":"2025-09-29T15:17:14","guid":{"rendered":"https:\/\/diplomatica.tr\/?p=589"},"modified":"2025-10-07T17:26:08","modified_gmt":"2025-10-07T14:26:08","slug":"moldovada-secimi-ab-yanlilari-kazandi","status":"publish","type":"post","link":"https:\/\/diplomatica.tr\/?p=589","title":{"rendered":"Moldova&#8217;da se\u00e7imi AB yanl\u0131lar\u0131 kazand\u0131"},"content":{"rendered":"\n<figure class=\"wp-block-image size-full\"><img loading=\"lazy\" decoding=\"async\" width=\"660\" height=\"376\" src=\"https:\/\/diplomatica.tr\/wp-content\/uploads\/2025\/09\/m1vgrWwn20Gnt9JM-CP5rg.webp\" alt=\"\" class=\"wp-image-591\" srcset=\"https:\/\/diplomatica.tr\/wp-content\/uploads\/2025\/09\/m1vgrWwn20Gnt9JM-CP5rg.webp 660w, https:\/\/diplomatica.tr\/wp-content\/uploads\/2025\/09\/m1vgrWwn20Gnt9JM-CP5rg-300x171.webp 300w\" sizes=\"auto, (max-width: 660px) 100vw, 660px\" \/><\/figure>\n\n\n\n<p><strong>Bat\u0131 ile Moskova aras\u0131ndaki \u00e7eki\u015fmenin yeni bir s\u0131nav\u0131 olarak g\u00f6r\u00fclen Moldova&#8217;da parlamento se\u00e7imleri tamamland\u0131. Kesin olmayan sonu\u00e7lara g\u00f6re Devlet Ba\u015fkan\u0131 Maia Sandu&#8217;nun &#8220;Eylem ve Dayan\u0131\u015fma Partisi&#8221; se\u00e7imi ilk s\u0131rada tamamlarken muhalefetteki Rusya yanl\u0131s\u0131 &#8220;Vatansever Blok&#8221; ise se\u00e7imi ikinci s\u0131rada tamamlad\u0131.<\/strong><\/p>\n\n\n\n<p>Rusya&#8217;n\u0131n se\u00e7imlere m\u00fcdahil oldu\u011fu iddias\u0131yla ba\u015flayan yar\u0131\u015fta se\u00e7ime kat\u0131l\u0131m oran\u0131 %52 ile s\u0131n\u0131rl\u0131 kald\u0131.<\/p>\n\n\n\n<p>Kesin olmayan sonu\u00e7lara g\u00f6re, Cumhurba\u015fkan\u0131 Sandu&#8217;nun kurdu\u011fu Eylem ve Dayan\u0131\u015fma Partisi oylar\u0131n y\u00fczde 49,63&#8217;\u00fcn\u00fc alarak birinci olurken onu %24,51 ile Rusya ile yak\u0131nla\u015fmay\u0131 savunan Vatansever Blok takip etti.<\/p>\n\n\n\n<p><\/p>\n","protected":false},"excerpt":{"rendered":"<p>Bat\u0131 ile Moskova aras\u0131ndaki \u00e7eki\u015fmenin yeni bir s\u0131nav\u0131 olarak g\u00f6r\u00fclen Moldova&#8217;da parlamento se\u00e7imleri tamamland\u0131. Kesin olmayan sonu\u00e7lara g\u00f6re<\/p>\n","protected":false},"author":1,"featured_media":0,"comment_status":"open","ping_status":"open","sticky":false,"template":"","format":"standard","meta":{"footnotes":""},"categories":[1],"tags":[187,147,85,148,83,84],"class_list":["post-589","post","type-post","status-publish","format-standard","hentry","category-siyaset","tag-ab","tag-avrupa-birligi","tag-election","tag-european-union","tag-moldova","tag-secim"],"_links":{"self":[{"href":"https:\/\/diplomatica.tr\/index.php?rest_route=\/wp\/v2\/posts\/589","targetHints":{"allow":["GET"]}}],"collection":[{"href":"https:\/\/diplomatica.tr\/index.php?rest_route=\/wp\/v2\/posts"}],"about":[{"href":"https:\/\/diplomatica.tr\/index.php?rest_route=\/wp\/v2\/types\/post"}],"author":[{"embeddable":true,"href":"https:\/\/diplomatica.tr\/index.php?rest_route=\/wp\/v2\/users\/1"}],"replies":[{"embeddable":true,"href":"https:\/\/diplomatica.tr\/index.php?rest_route=%2Fwp%2Fv2%2Fcomments&post=589"}],"version-history":[{"count":1,"href":"https:\/\/diplomatica.tr\/index.php?rest_route=\/wp\/v2\/posts\/589\/revisions"}],"predecessor-version":[{"id":592,"href":"https:\/\/diplomatica.tr\/index.php?rest_route=\/wp\/v2\/posts\/589\/revisions\/592"}],"wp:attachment":[{"href":"https:\/\/diplomatica.tr\/index.php?rest_route=%2Fwp%2Fv2%2Fmedia&parent=589"}],"wp:term":[{"taxonomy":"category","embeddable":true,"href":"https:\/\/diplomatica.tr\/index.php?rest_route=%2Fwp%2Fv2%2Fcategories&post=589"},{"taxonomy":"post_tag","embeddable":true,"href":"https:\/\/diplomatica.tr\/index.php?rest_route=%2Fwp%2Fv2%2Ftags&post=589"}],"curies":[{"name":"wp","href":"https:\/\/api.w.org\/{rel}","templated":true}]}}